{"id":58427,"date":"2024-09-10T16:32:36","date_gmt":"2024-09-10T22:32:36","guid":{"rendered":"https:\/\/encuentroinformativo.com.mx\/?p=58427"},"modified":"2024-09-10T16:32:44","modified_gmt":"2024-09-10T22:32:44","slug":"presenta-secretaria-ejecutiva-del-sistema-seguridad-publica-proyectos-para-erradicar-la-violencia-contra-las-mujeres","status":"publish","type":"post","link":"https:\/\/encuentroinformativo.com.mx\/?p=58427","title":{"rendered":"Presenta Secretaria Ejecutiva del Sistema Seguridad P\u00fablica, proyectos para erradicar la violencia contra las mujeres"},"content":{"rendered":"\n<p>Xalapa, Ver.- El problema de la violencia contra las mujeres se ha atendido de manera puntual en la actual administraci\u00f3n, una de esas acciones es el proyecto para la reeducaci\u00f3n de agresores y la capacitaci\u00f3n continua de servidoras y servidores p\u00fablicos en temas de derechos humanos y perspectiva de g\u00e9nero.<\/p>\n\n\n\n<p>Debido a lo anterior se impulsaron dos proyectos: realizar acciones con la persona que ha ejercido alg\u00fan tipo de violencia contra las mujeres, bajo un programa de reeducaci\u00f3n de agresores, el cual busca dotarlos de conocimientos sobre los tipos de violencia y las formas en las que pueden evitarla.<\/p>\n\n\n\n<p>El segundo proyecto es un diplomado, cuya intenci\u00f3n es capacitar a las personas servidoras p\u00fablicas del Estado, profesores y administrativos de los centros educativos; con el objetivo de transmitir y fortalecer conocimientos acerca de los derechos humanos de las mujeres con perspectiva de g\u00e9nero.<\/p>\n\n\n\n<p>Estuvieron presentes en la mesa de trabajo, Javier Rica\u00f1o Escobar, Secretario Ejecutivo del Sistema y del Consejo Estatal de Seguridad P\u00fablica, as\u00ed como autoridades estatales y municipales enfocados en temas de equidad de g\u00e9nero.<\/p>\n","protected":false},"excerpt":{"rendered":"<p>Xalapa, Ver.- El problema de la violencia contra las mujeres se ha atendido de manera puntual en la actual administraci\u00f3n, una de esas acciones es el proyecto para la reeducaci\u00f3n de agresores y la capacitaci\u00f3n continua de servidoras y servidores p\u00fablicos en temas de derechos humanos y perspectiva de g\u00e9nero. Debido a lo anterior se [&hellip;]<\/p>\n","protected":false},"author":2476,"featured_media":58428,"comment_status":"open","ping_status":"open","sticky":false,"template":"","format":"standard","meta":{"_jetpack_memberships_contains_paid_content":false,"footnotes":""},"categories":[2],"tags":[],"class_list":["post-58427","post","type-post","status-publish","format-standard","has-post-thumbnail","hentry","category-estado"],"jetpack_featured_media_url":"https:\/\/encuentroinformativo.com.mx\/wp-content\/uploads\/2024\/09\/IMG-20240910-WA0103.jpg","jetpack_sharing_enabled":true,"jetpack_likes_enabled":true,"amp_enabled":true,"_links":{"self":[{"href":"https:\/\/encuentroinformativo.com.mx\/index.php?rest_route=\/wp\/v2\/posts\/58427","targetHints":{"allow":["GET"]}}],"collection":[{"href":"https:\/\/encuentroinformativo.com.mx\/index.php?rest_route=\/wp\/v2\/posts"}],"about":[{"href":"https:\/\/encuentroinformativo.com.mx\/index.php?rest_route=\/wp\/v2\/types\/post"}],"author":[{"embeddable":true,"href":"https:\/\/encuentroinformativo.com.mx\/index.php?rest_route=\/wp\/v2\/users\/2476"}],"replies":[{"embeddable":true,"href":"https:\/\/encuentroinformativo.com.mx\/index.php?rest_route=%2Fwp%2Fv2%2Fcomments&post=58427"}],"version-history":[{"count":1,"href":"https:\/\/encuentroinformativo.com.mx\/index.php?rest_route=\/wp\/v2\/posts\/58427\/revisions"}],"predecessor-version":[{"id":58429,"href":"https:\/\/encuentroinformativo.com.mx\/index.php?rest_route=\/wp\/v2\/posts\/58427\/revisions\/58429"}],"wp:featuredmedia":[{"embeddable":true,"href":"https:\/\/encuentroinformativo.com.mx\/index.php?rest_route=\/wp\/v2\/media\/58428"}],"wp:attachment":[{"href":"https:\/\/encuentroinformativo.com.mx\/index.php?rest_route=%2Fwp%2Fv2%2Fmedia&parent=58427"}],"wp:term":[{"taxonomy":"category","embeddable":true,"href":"https:\/\/encuentroinformativo.com.mx\/index.php?rest_route=%2Fwp%2Fv2%2Fcategories&post=58427"},{"taxonomy":"post_tag","embeddable":true,"href":"https:\/\/encuentroinformativo.com.mx\/index.php?rest_route=%2Fwp%2Fv2%2Ftags&post=58427"}],"curies":[{"name":"wp","href":"https:\/\/api.w.org\/{rel}","templated":true}]}}