{"id":58435,"date":"2024-09-10T22:55:22","date_gmt":"2024-09-11T04:55:22","guid":{"rendered":"https:\/\/encuentroinformativo.com.mx\/?p=58435"},"modified":"2024-09-10T22:55:27","modified_gmt":"2024-09-11T04:55:27","slug":"siempre-si-respalda-chiquiyunes-reforma-al-poder-judicial","status":"publish","type":"post","link":"https:\/\/encuentroinformativo.com.mx\/?p=58435","title":{"rendered":"\u00a1Siempre s\u00ed! Respalda Chiquiyunes reforma al Poder Judicial"},"content":{"rendered":"\n<p><strong>Redacci\u00f3n<\/strong> <\/p>\n\n\n\n<p>Xalapa, Ver.- Durante la reanudaci\u00f3n de la sesi\u00f3n vespertina del Senado de la Rep\u00fablica, el senador Miguel \u00c1ngel Yunes M\u00e1rquez apareci\u00f3 en la sede alterna para participar en la misma, despu\u00e9s de que horas antes hab\u00eda solicitado licencia al cargo.<\/p>\n\n\n\n<p>Y es que durante su participaci\u00f3n el senador veracruzano defendi\u00f3 la Reforma al Poder Judicial y se\u00f1al\u00f3 que su voto ser\u00eda a favor de la misma. <\/p>\n\n\n\n<p>En medio de los gritos de los integrantes de la bancada panista, afirm\u00f3 que se trataba de la &#8220;decision m\u00e1s dif\u00edcil de su vida&#8221; tratando de justificar su voto a favor despu\u00e9s de la pol\u00e9mica de las \u00faltimas semanas y tras los enfrentamientos de debates registrados en el transcurso del d\u00eda.<\/p>\n\n\n\n<p>&#8220;Ni M\u00e9xico se va a destruir por la Reforma Judicial ni el sistema va a cambiar de forma inmediata&#8221;, se\u00f1al\u00f3.<\/p>\n\n\n\n<p>Mientras la sesi\u00f3n del Senado se realiza en la sede alterna, al exterior son diversos los enfrentamientos entre trabajadores del Poder Judicial y elementos de la polic\u00eda.<\/p>\n","protected":false},"excerpt":{"rendered":"<p>Redacci\u00f3n Xalapa, Ver.- Durante la reanudaci\u00f3n de la sesi\u00f3n vespertina del Senado de la Rep\u00fablica, el senador Miguel \u00c1ngel Yunes M\u00e1rquez apareci\u00f3 en la sede alterna para participar en la misma, despu\u00e9s de que horas antes hab\u00eda solicitado licencia al cargo. Y es que durante su participaci\u00f3n el senador veracruzano defendi\u00f3 la Reforma al Poder [&hellip;]<\/p>\n","protected":false},"author":2476,"featured_media":58436,"comment_status":"open","ping_status":"open","sticky":false,"template":"","format":"standard","meta":{"_jetpack_memberships_contains_paid_content":false,"footnotes":""},"categories":[12],"tags":[],"class_list":["post-58435","post","type-post","status-publish","format-standard","has-post-thumbnail","hentry","category-nacional"],"jetpack_featured_media_url":"https:\/\/encuentroinformativo.com.mx\/wp-content\/uploads\/2024\/09\/Screenshot_20240910-224539.png","jetpack_sharing_enabled":true,"jetpack_likes_enabled":true,"amp_enabled":true,"_links":{"self":[{"href":"https:\/\/encuentroinformativo.com.mx\/index.php?rest_route=\/wp\/v2\/posts\/58435","targetHints":{"allow":["GET"]}}],"collection":[{"href":"https:\/\/encuentroinformativo.com.mx\/index.php?rest_route=\/wp\/v2\/posts"}],"about":[{"href":"https:\/\/encuentroinformativo.com.mx\/index.php?rest_route=\/wp\/v2\/types\/post"}],"author":[{"embeddable":true,"href":"https:\/\/encuentroinformativo.com.mx\/index.php?rest_route=\/wp\/v2\/users\/2476"}],"replies":[{"embeddable":true,"href":"https:\/\/encuentroinformativo.com.mx\/index.php?rest_route=%2Fwp%2Fv2%2Fcomments&post=58435"}],"version-history":[{"count":1,"href":"https:\/\/encuentroinformativo.com.mx\/index.php?rest_route=\/wp\/v2\/posts\/58435\/revisions"}],"predecessor-version":[{"id":58437,"href":"https:\/\/encuentroinformativo.com.mx\/index.php?rest_route=\/wp\/v2\/posts\/58435\/revisions\/58437"}],"wp:featuredmedia":[{"embeddable":true,"href":"https:\/\/encuentroinformativo.com.mx\/index.php?rest_route=\/wp\/v2\/media\/58436"}],"wp:attachment":[{"href":"https:\/\/encuentroinformativo.com.mx\/index.php?rest_route=%2Fwp%2Fv2%2Fmedia&parent=58435"}],"wp:term":[{"taxonomy":"category","embeddable":true,"href":"https:\/\/encuentroinformativo.com.mx\/index.php?rest_route=%2Fwp%2Fv2%2Fcategories&post=58435"},{"taxonomy":"post_tag","embeddable":true,"href":"https:\/\/encuentroinformativo.com.mx\/index.php?rest_route=%2Fwp%2Fv2%2Ftags&post=58435"}],"curies":[{"name":"wp","href":"https:\/\/api.w.org\/{rel}","templated":true}]}}