{"id":58441,"date":"2024-09-11T10:06:52","date_gmt":"2024-09-11T16:06:52","guid":{"rendered":"https:\/\/encuentroinformativo.com.mx\/?p=58441"},"modified":"2024-09-11T10:06:57","modified_gmt":"2024-09-11T16:06:57","slug":"ante-posibles-protestas-blindan-el-congreso-del-estado","status":"publish","type":"post","link":"https:\/\/encuentroinformativo.com.mx\/?p=58441","title":{"rendered":"Ante posibles protestas, &#8220;blindan&#8221; el Congreso del Estado"},"content":{"rendered":"\n<p><strong>Dar\u00edo Pale <\/strong><\/p>\n\n\n\n<p>Xalapa, Ver.- El Congreso del Estado amaneci\u00f3 resguardado por elementos de la Secretar\u00eda de Seguridad P\u00fablica (SSP), y con vallas debido a que los trabajadores del Poder Judicial anunciaron que se concentrar\u00edan en dicho lugar.<\/p>\n\n\n\n<p>Desde muy temprana hora el Congreso del Estado fue resguardado con vallas y cerrada la circulaci\u00f3n vehicular sobre las calles de encanto y la calle Jorge Cerd\u00e1n por lo que el acceso al Congreso es muy restringido.<\/p>\n\n\n\n<p>El temor se deber\u00eda a que los trabajadores del Poder Judicial convocaron a concentrarse a las afueras del congreso con vestimenta negra a las afueras del Congreso del Estado y pueda suceder lo que pas\u00f3 el d\u00eda de ayer en el Senado de la Rep\u00fablica donde fue tomada e ingresaron a la fuerza.<\/p>\n\n\n\n<p>Cabe recordar que el Congreso del Estado hoy celebra la cuarta sesi\u00f3n ordinaria a las 09:30 horas en la sala de sesiones Venustiano Carranza y el acceso para los diferentes medios de comunicaci\u00f3n ser\u00e1 por la calle Jorge Cerd\u00e1n.<\/p>\n\n\n\n<figure class=\"wp-block-image size-large\"><img loading=\"lazy\" decoding=\"async\" width=\"1024\" height=\"449\" src=\"https:\/\/encuentroinformativo.com.mx\/wp-content\/uploads\/2024\/09\/1000382938-1024x449.jpg\" alt=\"\" class=\"wp-image-58443\" srcset=\"https:\/\/encuentroinformativo.com.mx\/wp-content\/uploads\/2024\/09\/1000382938-1024x449.jpg 1024w, https:\/\/encuentroinformativo.com.mx\/wp-content\/uploads\/2024\/09\/1000382938-300x131.jpg 300w, https:\/\/encuentroinformativo.com.mx\/wp-content\/uploads\/2024\/09\/1000382938-768x337.jpg 768w, https:\/\/encuentroinformativo.com.mx\/wp-content\/uploads\/2024\/09\/1000382938.jpg 1280w\" sizes=\"auto, (max-width: 1024px) 100vw, 1024px\" \/><\/figure>\n","protected":false},"excerpt":{"rendered":"<p>Dar\u00edo Pale Xalapa, Ver.- El Congreso del Estado amaneci\u00f3 resguardado por elementos de la Secretar\u00eda de Seguridad P\u00fablica (SSP), y con vallas debido a que los trabajadores del Poder Judicial anunciaron que se concentrar\u00edan en dicho lugar. Desde muy temprana hora el Congreso del Estado fue resguardado con vallas y cerrada la circulaci\u00f3n vehicular sobre [&hellip;]<\/p>\n","protected":false},"author":2476,"featured_media":58442,"comment_status":"open","ping_status":"open","sticky":false,"template":"","format":"standard","meta":{"_jetpack_memberships_contains_paid_content":false,"footnotes":""},"categories":[2],"tags":[],"class_list":["post-58441","post","type-post","status-publish","format-standard","has-post-thumbnail","hentry","category-estado"],"jetpack_featured_media_url":"https:\/\/encuentroinformativo.com.mx\/wp-content\/uploads\/2024\/09\/IMG-20240911-WA0014.jpg","jetpack_sharing_enabled":true,"jetpack_likes_enabled":true,"amp_enabled":true,"_links":{"self":[{"href":"https:\/\/encuentroinformativo.com.mx\/index.php?rest_route=\/wp\/v2\/posts\/58441","targetHints":{"allow":["GET"]}}],"collection":[{"href":"https:\/\/encuentroinformativo.com.mx\/index.php?rest_route=\/wp\/v2\/posts"}],"about":[{"href":"https:\/\/encuentroinformativo.com.mx\/index.php?rest_route=\/wp\/v2\/types\/post"}],"author":[{"embeddable":true,"href":"https:\/\/encuentroinformativo.com.mx\/index.php?rest_route=\/wp\/v2\/users\/2476"}],"replies":[{"embeddable":true,"href":"https:\/\/encuentroinformativo.com.mx\/index.php?rest_route=%2Fwp%2Fv2%2Fcomments&post=58441"}],"version-history":[{"count":1,"href":"https:\/\/encuentroinformativo.com.mx\/index.php?rest_route=\/wp\/v2\/posts\/58441\/revisions"}],"predecessor-version":[{"id":58444,"href":"https:\/\/encuentroinformativo.com.mx\/index.php?rest_route=\/wp\/v2\/posts\/58441\/revisions\/58444"}],"wp:featuredmedia":[{"embeddable":true,"href":"https:\/\/encuentroinformativo.com.mx\/index.php?rest_route=\/wp\/v2\/media\/58442"}],"wp:attachment":[{"href":"https:\/\/encuentroinformativo.com.mx\/index.php?rest_route=%2Fwp%2Fv2%2Fmedia&parent=58441"}],"wp:term":[{"taxonomy":"category","embeddable":true,"href":"https:\/\/encuentroinformativo.com.mx\/index.php?rest_route=%2Fwp%2Fv2%2Fcategories&post=58441"},{"taxonomy":"post_tag","embeddable":true,"href":"https:\/\/encuentroinformativo.com.mx\/index.php?rest_route=%2Fwp%2Fv2%2Ftags&post=58441"}],"curies":[{"name":"wp","href":"https:\/\/api.w.org\/{rel}","templated":true}]}}