{"id":58449,"date":"2024-09-11T11:28:35","date_gmt":"2024-09-11T17:28:35","guid":{"rendered":"https:\/\/encuentroinformativo.com.mx\/?p=58449"},"modified":"2024-09-11T11:28:41","modified_gmt":"2024-09-11T17:28:41","slug":"agradece-sector-empresarial-coordinacion-de-autoridades-ante-disminucion-delictiva-en-veracruz","status":"publish","type":"post","link":"https:\/\/encuentroinformativo.com.mx\/?p=58449","title":{"rendered":"Agradece sector empresarial coordinaci\u00f3n de autoridades ante disminuci\u00f3n delictiva en Veracruz"},"content":{"rendered":"\n<p>Xalapa, Ver.- En el marco de la 47\u00aa. Mesa de Seguridad y Justicia de Xalapa, integrantes del sector empresarial reconocieron a unos meses de concluir la actual administraci\u00f3n estatal, que se registr\u00f3 una <em>considerable reducci\u00f3n en la comisi\u00f3n de il\u00edcitos como robo a comercio, homicidio y secuestro por mencionar algunos.<\/em><\/p>\n\n\n\n<p>En presencia de autoridades estatales y municipales, el empresario Justo Fern\u00e1ndez Chedraui resalt\u00f3 que los avances en materia de seguridad han sido notorios, derivado del trabajo coordinado entre las fuerzas de los tres \u00f3rdenes de gobierno.<\/p>\n\n\n\n<p>\u201cLa verdad no me resta m\u00e1s que agradecerles las acciones emprendidas y al resto del consejo, a seguir trabajando por el bien de Veracruz\u201d, reconoci\u00f3.<\/p>\n\n\n\n<p>Asimismo, Juan Carlos Stivalet Collinot, integrante del Consejo Civil de Xalapa, dijo que la suma de esfuerzos permiti\u00f3 disminuir el delito de robo y agreg\u00f3 que anteriormente registraban 40 incidentes y actualmente la cifra es de uno o dos, cuyo resultado deriva en la detenci\u00f3n de los involucrados.<\/p>\n\n\n\n<p>\u201cHemos visto cambios y eso es bueno, porque se est\u00e1 trabajando coordinadamente, el cambio de percepci\u00f3n de la seguridad se mejor\u00f3 much\u00edsimo\u201d, concluy\u00f3.<\/p>\n","protected":false},"excerpt":{"rendered":"<p>Xalapa, Ver.- En el marco de la 47\u00aa. Mesa de Seguridad y Justicia de Xalapa, integrantes del sector empresarial reconocieron a unos meses de concluir la actual administraci\u00f3n estatal, que se registr\u00f3 una considerable reducci\u00f3n en la comisi\u00f3n de il\u00edcitos como robo a comercio, homicidio y secuestro por mencionar algunos. En presencia de autoridades estatales [&hellip;]<\/p>\n","protected":false},"author":2476,"featured_media":58450,"comment_status":"open","ping_status":"open","sticky":false,"template":"","format":"standard","meta":{"_jetpack_memberships_contains_paid_content":false,"footnotes":""},"categories":[2],"tags":[],"class_list":["post-58449","post","type-post","status-publish","format-standard","has-post-thumbnail","hentry","category-estado"],"jetpack_featured_media_url":"https:\/\/encuentroinformativo.com.mx\/wp-content\/uploads\/2024\/09\/IMG-20240911-WA00252.jpg","jetpack_sharing_enabled":true,"jetpack_likes_enabled":true,"amp_enabled":true,"_links":{"self":[{"href":"https:\/\/encuentroinformativo.com.mx\/index.php?rest_route=\/wp\/v2\/posts\/58449","targetHints":{"allow":["GET"]}}],"collection":[{"href":"https:\/\/encuentroinformativo.com.mx\/index.php?rest_route=\/wp\/v2\/posts"}],"about":[{"href":"https:\/\/encuentroinformativo.com.mx\/index.php?rest_route=\/wp\/v2\/types\/post"}],"author":[{"embeddable":true,"href":"https:\/\/encuentroinformativo.com.mx\/index.php?rest_route=\/wp\/v2\/users\/2476"}],"replies":[{"embeddable":true,"href":"https:\/\/encuentroinformativo.com.mx\/index.php?rest_route=%2Fwp%2Fv2%2Fcomments&post=58449"}],"version-history":[{"count":1,"href":"https:\/\/encuentroinformativo.com.mx\/index.php?rest_route=\/wp\/v2\/posts\/58449\/revisions"}],"predecessor-version":[{"id":58451,"href":"https:\/\/encuentroinformativo.com.mx\/index.php?rest_route=\/wp\/v2\/posts\/58449\/revisions\/58451"}],"wp:featuredmedia":[{"embeddable":true,"href":"https:\/\/encuentroinformativo.com.mx\/index.php?rest_route=\/wp\/v2\/media\/58450"}],"wp:attachment":[{"href":"https:\/\/encuentroinformativo.com.mx\/index.php?rest_route=%2Fwp%2Fv2%2Fmedia&parent=58449"}],"wp:term":[{"taxonomy":"category","embeddable":true,"href":"https:\/\/encuentroinformativo.com.mx\/index.php?rest_route=%2Fwp%2Fv2%2Fcategories&post=58449"},{"taxonomy":"post_tag","embeddable":true,"href":"https:\/\/encuentroinformativo.com.mx\/index.php?rest_route=%2Fwp%2Fv2%2Ftags&post=58449"}],"curies":[{"name":"wp","href":"https:\/\/api.w.org\/{rel}","templated":true}]}}