{"id":58452,"date":"2024-09-11T11:40:10","date_gmt":"2024-09-11T17:40:10","guid":{"rendered":"https:\/\/encuentroinformativo.com.mx\/?p=58452"},"modified":"2024-09-11T11:41:08","modified_gmt":"2024-09-11T17:41:08","slug":"desconoce-pan-veracruz-al-senador-yunes-marquez","status":"publish","type":"post","link":"https:\/\/encuentroinformativo.com.mx\/?p=58452","title":{"rendered":"Desconoce PAN Veracruz al Senador Yunes M\u00e1rquez"},"content":{"rendered":"\n<p><strong>Dar\u00edo Pale<\/strong><\/p>\n\n\n\n<p>Xalapa, Ver.- El Partido Acci\u00f3n Nacional (PAN), de Veracruz mediante un documento dio a conocer que desconocer\u00e1n al senador Miguel \u00c1ngel Yunes Marqu\u00e9z como representante de su partido ya que le da m\u00e1s atenci\u00f3n a los asuntos personales.<\/p>\n\n\n\n<p>Mediante un comunicado que dio a conocer por medio de las redes sociales, rechaza la decisi\u00f3n que tom\u00f3 para la aprobaci\u00f3n de la reforma al Poder Judicial, ya que seg\u00fan esto representa una tradici\u00f3n para quienes votaron por \u00e9l en las pasadas elecciones.<\/p>\n\n\n\n<p><strong>Dicho documento dice lo siguiente:&nbsp;<br><\/strong>PAN de Veracruz condena la traici\u00f3n del senador Miguel \u00c1ngel Yunes M\u00e1rquez.<br>Xalapa Enriquez, Veracruz; 10 de septiembre de 2024.<br>Miguel \u00c1ngel Yunes M\u00e1rquez, senador de la Rep\u00fablica por el estado de Veracruz, se posicion\u00f3 a favor de la nociva reforma judicial de MORENA, durante la sesi\u00f3n de la c\u00e1mara alta celebrada este 10 de septiembre de 2024,obedeciendo a intereses personales porencima del inter\u00e9s superior de la naci\u00f3n y de sus electores.<\/p>\n\n\n\n<p>La sesi\u00f3n del dia de hoy representa la \u00faltima l\u00ednea de batalla contra la formalizaci\u00f3n deuna dictadura en M\u00e9xico, pues la reforma judicial de MORENA significa la demolici\u00f3n de los derechos civiles, la divisi\u00f3n de poderes y la democracia.<\/p>\n\n\n\n<p>La vergonzosa exposici\u00f3n de Miguel Angel Yunes M\u00e1rquez, quien obtuvo el cargo como primera minoria postulado por el Partido Acci\u00f3n Nacional, es una traici\u00f3n a cientos de miles de ciudadanos a quienes les prometi\u00f3 legislar bajo los principios de la democracia y la libertad, protegiendo los derechos conquistados y los instrumentos que los garantizan.<\/p>\n\n\n\n<p>Condenamos categ\u00f3ricamente el posicionamiento del senador Yunes M\u00e1rquez a favor de MORENA y lo desconocemos como representante de este partido en cualquier \u00e1mbito de la vida p\u00fablica.<\/p>\n\n\n\n<p>El Partido Acci\u00f3n Nacional de Veracruz refrenda su compromiso con las causas de las y los ciudadanos que han construido, a lo largo de d\u00e9cadas, un M\u00e9xico m\u00e1s libre, justo y democr\u00e1tico.&nbsp;<\/p>\n\n\n\n<p>Nuestras legisladoras y legisladores, funcionarios p\u00fablicos y liderazgos sociales panistas, seguir\u00e1n estando en la primera linea de resistencia contra el autoritarismo<\/p>\n\n\n\n<p>Finaliza el documento.<\/p>\n\n\n\n<p>Cabe se\u00f1alar que muchos actores pol\u00edticos se dijeron sorprendidos por esta decisi\u00f3n del senador, entre ellos Jos\u00e9 Yunes Zorrilla quien fue candidato a la gubernatura del estado ya que justos hicieron frente para contener a Morena. \u00a0 \u00a0<\/p>\n\n\n\n<figure class=\"wp-block-image size-large\"><img loading=\"lazy\" decoding=\"async\" width=\"741\" height=\"960\" src=\"https:\/\/encuentroinformativo.com.mx\/wp-content\/uploads\/2024\/09\/1000383071.jpg\" alt=\"\" class=\"wp-image-58455\" srcset=\"https:\/\/encuentroinformativo.com.mx\/wp-content\/uploads\/2024\/09\/1000383071.jpg 741w, https:\/\/encuentroinformativo.com.mx\/wp-content\/uploads\/2024\/09\/1000383071-232x300.jpg 232w\" sizes=\"auto, (max-width: 741px) 100vw, 741px\" \/><\/figure>\n","protected":false},"excerpt":{"rendered":"<p>Dar\u00edo Pale Xalapa, Ver.- El Partido Acci\u00f3n Nacional (PAN), de Veracruz mediante un documento dio a conocer que desconocer\u00e1n al senador Miguel \u00c1ngel Yunes Marqu\u00e9z como representante de su partido ya que le da m\u00e1s atenci\u00f3n a los asuntos personales. Mediante un comunicado que dio a conocer por medio de las redes sociales, rechaza la [&hellip;]<\/p>\n","protected":false},"author":2476,"featured_media":58453,"comment_status":"open","ping_status":"open","sticky":false,"template":"","format":"standard","meta":{"_jetpack_memberships_contains_paid_content":false,"footnotes":""},"categories":[2],"tags":[],"class_list":["post-58452","post","type-post","status-publish","format-standard","has-post-thumbnail","hentry","category-estado"],"jetpack_featured_media_url":"https:\/\/encuentroinformativo.com.mx\/wp-content\/uploads\/2024\/09\/IMG-20240911-WA0024.jpg","jetpack_sharing_enabled":true,"jetpack_likes_enabled":true,"amp_enabled":true,"_links":{"self":[{"href":"https:\/\/encuentroinformativo.com.mx\/index.php?rest_route=\/wp\/v2\/posts\/58452","targetHints":{"allow":["GET"]}}],"collection":[{"href":"https:\/\/encuentroinformativo.com.mx\/index.php?rest_route=\/wp\/v2\/posts"}],"about":[{"href":"https:\/\/encuentroinformativo.com.mx\/index.php?rest_route=\/wp\/v2\/types\/post"}],"author":[{"embeddable":true,"href":"https:\/\/encuentroinformativo.com.mx\/index.php?rest_route=\/wp\/v2\/users\/2476"}],"replies":[{"embeddable":true,"href":"https:\/\/encuentroinformativo.com.mx\/index.php?rest_route=%2Fwp%2Fv2%2Fcomments&post=58452"}],"version-history":[{"count":2,"href":"https:\/\/encuentroinformativo.com.mx\/index.php?rest_route=\/wp\/v2\/posts\/58452\/revisions"}],"predecessor-version":[{"id":58456,"href":"https:\/\/encuentroinformativo.com.mx\/index.php?rest_route=\/wp\/v2\/posts\/58452\/revisions\/58456"}],"wp:featuredmedia":[{"embeddable":true,"href":"https:\/\/encuentroinformativo.com.mx\/index.php?rest_route=\/wp\/v2\/media\/58453"}],"wp:attachment":[{"href":"https:\/\/encuentroinformativo.com.mx\/index.php?rest_route=%2Fwp%2Fv2%2Fmedia&parent=58452"}],"wp:term":[{"taxonomy":"category","embeddable":true,"href":"https:\/\/encuentroinformativo.com.mx\/index.php?rest_route=%2Fwp%2Fv2%2Fcategories&post=58452"},{"taxonomy":"post_tag","embeddable":true,"href":"https:\/\/encuentroinformativo.com.mx\/index.php?rest_route=%2Fwp%2Fv2%2Ftags&post=58452"}],"curies":[{"name":"wp","href":"https:\/\/api.w.org\/{rel}","templated":true}]}}