{"id":58457,"date":"2024-09-11T12:10:20","date_gmt":"2024-09-11T18:10:20","guid":{"rendered":"https:\/\/encuentroinformativo.com.mx\/?p=58457"},"modified":"2024-09-11T12:10:27","modified_gmt":"2024-09-11T18:10:27","slug":"protestan-contra-reforma-al-poder-judicial-cierran-lazaro-cardenas","status":"publish","type":"post","link":"https:\/\/encuentroinformativo.com.mx\/?p=58457","title":{"rendered":"Protestan contra Reforma al Poder Judicial; cierran L\u00e1zaro C\u00e1rdenas"},"content":{"rendered":"\n<p><strong>Dar\u00edo Pale<\/strong><\/p>\n\n\n\n<p>Xalapa, Ver.- Protestan contra reforma judicial afuera del Congreso de Veracruz, los diputados votar\u00e1n este mi\u00e9rcoles la reforma al Poder judicial y llaman &#8220;lacayos&#8221; a los diputados de Morena.<\/p>\n\n\n\n<p>Debido al dispositivo de seguridad que se mont\u00f3 por parte de elementos de la Secretar\u00eda de Seguridad P\u00fablica, los inconformes exigieron que se les permitiera ingresar.<\/p>\n\n\n\n<p>Ah\u00ed, el magistrado en retiro Adri\u00e1n Avenda\u00f1o Constantino, lament\u00f3 que este martes se haya aprobado la reforma judicial y que hoy, muy seguramente lo har\u00edan en la Legislatura veracruzana, porque son &#8220;lacayos&#8221; de L\u00f3pez Obrador.<\/p>\n\n\n\n<p>&#8220;Pronto ya se van a largar al infierno y empezar\u00e1 la lucha del pueblo mexicano, \u00bfde qu\u00e9 forma se va a manifestar?, no lo sabemos, no podemos predecir nada, pero lo cierto es que seguir\u00e1 esto en pie hasta que estos pol\u00edticos sean separados de esta tierra, que son una verg\u00fcenza&#8221;, critic\u00f3.<\/p>\n\n\n\n<p>Avenda\u00f1o Constantino sostuvo que permanecer\u00e1n en pie de lucha al tiempo de manifestar que quedar\u00e1 registrado en la historia la actitud cobarde de los diputados.<\/p>\n\n\n\n<p>Lament\u00f3 que este mi\u00e9rcoles se vaya a aprobar la reforma judicial de una forma ciega como lo hicieron este martes en el Senado de la Rep\u00fablica.<\/p>\n\n\n\n<p>Cabe mencionar que tras la aprobaci\u00f3n en lo general y en lo particular de la modificaci\u00f3n constitucional es necesaria la ratificaci\u00f3n por parte de la mayor\u00eda de las legislaturas estatales.<\/p>\n\n\n\n<p>Actualmente, se requiere que al menos 17 de las 32 Legislaturas locales aprueben la reforma para que esta sea v\u00e1lida.<\/p>\n\n\n\n<p>Una vez ratificada por la mayor\u00eda de los congresos locales, la reforma se env\u00eda al presidente de M\u00e9xico para su promulgaci\u00f3n.<\/p>\n\n\n\n<p>El Presidente tiene la responsabilidad de publicar la reforma en el Diario Oficial de la Federaci\u00f3n, momento en el cual se establece la fecha de entrada en vigor de la reforma.<\/p>\n\n\n\n<figure class=\"wp-block-image size-large\"><img loading=\"lazy\" decoding=\"async\" width=\"1024\" height=\"768\" src=\"https:\/\/encuentroinformativo.com.mx\/wp-content\/uploads\/2024\/09\/1000383144-1024x768.jpg\" alt=\"\" class=\"wp-image-58459\" srcset=\"https:\/\/encuentroinformativo.com.mx\/wp-content\/uploads\/2024\/09\/1000383144-1024x768.jpg 1024w, https:\/\/encuentroinformativo.com.mx\/wp-content\/uploads\/2024\/09\/1000383144-300x225.jpg 300w, https:\/\/encuentroinformativo.com.mx\/wp-content\/uploads\/2024\/09\/1000383144-768x576.jpg 768w, https:\/\/encuentroinformativo.com.mx\/wp-content\/uploads\/2024\/09\/1000383144-1536x1152.jpg 1536w, https:\/\/encuentroinformativo.com.mx\/wp-content\/uploads\/2024\/09\/1000383144.jpg 1600w\" sizes=\"auto, (max-width: 1024px) 100vw, 1024px\" \/><\/figure>\n","protected":false},"excerpt":{"rendered":"<p>Dar\u00edo Pale Xalapa, Ver.- Protestan contra reforma judicial afuera del Congreso de Veracruz, los diputados votar\u00e1n este mi\u00e9rcoles la reforma al Poder judicial y llaman &#8220;lacayos&#8221; a los diputados de Morena. Debido al dispositivo de seguridad que se mont\u00f3 por parte de elementos de la Secretar\u00eda de Seguridad P\u00fablica, los inconformes exigieron que se les [&hellip;]<\/p>\n","protected":false},"author":2476,"featured_media":58458,"comment_status":"open","ping_status":"open","sticky":false,"template":"","format":"standard","meta":{"_jetpack_memberships_contains_paid_content":false,"footnotes":""},"categories":[3],"tags":[],"class_list":["post-58457","post","type-post","status-publish","format-standard","has-post-thumbnail","hentry","category-xalapa"],"jetpack_featured_media_url":"https:\/\/encuentroinformativo.com.mx\/wp-content\/uploads\/2024\/09\/IMG-20240911-WA0034.jpg","jetpack_sharing_enabled":true,"jetpack_likes_enabled":true,"amp_enabled":true,"_links":{"self":[{"href":"https:\/\/encuentroinformativo.com.mx\/index.php?rest_route=\/wp\/v2\/posts\/58457","targetHints":{"allow":["GET"]}}],"collection":[{"href":"https:\/\/encuentroinformativo.com.mx\/index.php?rest_route=\/wp\/v2\/posts"}],"about":[{"href":"https:\/\/encuentroinformativo.com.mx\/index.php?rest_route=\/wp\/v2\/types\/post"}],"author":[{"embeddable":true,"href":"https:\/\/encuentroinformativo.com.mx\/index.php?rest_route=\/wp\/v2\/users\/2476"}],"replies":[{"embeddable":true,"href":"https:\/\/encuentroinformativo.com.mx\/index.php?rest_route=%2Fwp%2Fv2%2Fcomments&post=58457"}],"version-history":[{"count":1,"href":"https:\/\/encuentroinformativo.com.mx\/index.php?rest_route=\/wp\/v2\/posts\/58457\/revisions"}],"predecessor-version":[{"id":58460,"href":"https:\/\/encuentroinformativo.com.mx\/index.php?rest_route=\/wp\/v2\/posts\/58457\/revisions\/58460"}],"wp:featuredmedia":[{"embeddable":true,"href":"https:\/\/encuentroinformativo.com.mx\/index.php?rest_route=\/wp\/v2\/media\/58458"}],"wp:attachment":[{"href":"https:\/\/encuentroinformativo.com.mx\/index.php?rest_route=%2Fwp%2Fv2%2Fmedia&parent=58457"}],"wp:term":[{"taxonomy":"category","embeddable":true,"href":"https:\/\/encuentroinformativo.com.mx\/index.php?rest_route=%2Fwp%2Fv2%2Fcategories&post=58457"},{"taxonomy":"post_tag","embeddable":true,"href":"https:\/\/encuentroinformativo.com.mx\/index.php?rest_route=%2Fwp%2Fv2%2Ftags&post=58457"}],"curies":[{"name":"wp","href":"https:\/\/api.w.org\/{rel}","templated":true}]}}