{"id":58464,"date":"2024-09-11T12:17:54","date_gmt":"2024-09-11T18:17:54","guid":{"rendered":"https:\/\/encuentroinformativo.com.mx\/?p=58464"},"modified":"2024-09-11T12:18:00","modified_gmt":"2024-09-11T18:18:00","slug":"otro-actor-hollywoodense-podria-participar-en-la-carrera-panamericana-2024","status":"publish","type":"post","link":"https:\/\/encuentroinformativo.com.mx\/?p=58464","title":{"rendered":"Otro actor hollywoodense podr\u00eda participar en la carrera Panamericana 2024"},"content":{"rendered":"\n<p><strong>Alejandro \u00c1vila<\/strong><\/p>\n\n\n\n<p>Boca del R\u00edo, Ver.- Tal como lo hizo el actor Patrick Dempsey en la edici\u00f3n 2023, para la Carrera Panamericana 2024 se prev\u00e9 que la marca Porsche tambi\u00e9n presente a un piloto que labore en Hollywood, mencion\u00f3 el secretario de Turismo de Veracruz, Iv\u00e1n Francisco Mart\u00ednez Olvera.<\/p>\n\n\n\n<p>Para la edici\u00f3n 2024 qu\u00e9 tendr\u00e1 como inicio el estado de Oaxaca, se prev\u00e9 que en la categor\u00eda de exhibici\u00f3n un actor de Hollywood tambi\u00e9n manejar\u00e1 el Porsche 911 con el que compite la marca alemana en la Carrera Panamericana; si viene en la p\u00e1gina oficial del certamen se tienen registrados a los pilotos mexicanos, Raymond Guerrero y Gabriel Uribe, no se descarta que la nueva imagen de este autom\u00f3vil tambi\u00e9n conduzca el b\u00f3lido.<\/p>\n\n\n\n<p>&#8220;Porsche qui\u00e9n trae ah\u00ed la negociaci\u00f3n, igual y si ustedes pueden ver qui\u00e9n es la imagen oficial de Porsche pues tendr\u00e1n ah\u00ed como un adelanto, ya saben que Patrick el a\u00f1o pasado era la imagen oficial de Porsche, ahorita traen otra imagen de Hollywood vamos a esperar a ver si llega&#8221;, expres\u00f3.<\/p>\n\n\n\n<p>El secretario de Turismo mencion\u00f3 que a diferencia de otros a\u00f1os donde el inicio de la Carrera Panamericana se daba en Veracruz en esta ocasi\u00f3n iniciar\u00e9 en Oaxaca, para llegar a Veracruz la noche del 11 de octubre y salir con rumbo a la Ciudad de M\u00e9xico el 12 de octubre por la ma\u00f1ana, posteriormente continuar\u00e1 su recorrido en Le\u00f3n y culminar\u00e1 en San Luis Potos\u00ed.<\/p>\n","protected":false},"excerpt":{"rendered":"<p>Alejandro \u00c1vila Boca del R\u00edo, Ver.- Tal como lo hizo el actor Patrick Dempsey en la edici\u00f3n 2023, para la Carrera Panamericana 2024 se prev\u00e9 que la marca Porsche tambi\u00e9n presente a un piloto que labore en Hollywood, mencion\u00f3 el secretario de Turismo de Veracruz, Iv\u00e1n Francisco Mart\u00ednez Olvera. Para la edici\u00f3n 2024 qu\u00e9 tendr\u00e1 [&hellip;]<\/p>\n","protected":false},"author":2476,"featured_media":58465,"comment_status":"open","ping_status":"open","sticky":false,"template":"","format":"standard","meta":{"_jetpack_memberships_contains_paid_content":false,"footnotes":""},"categories":[2],"tags":[],"class_list":["post-58464","post","type-post","status-publish","format-standard","has-post-thumbnail","hentry","category-estado"],"jetpack_featured_media_url":"https:\/\/encuentroinformativo.com.mx\/wp-content\/uploads\/2024\/09\/IMG-20240911-WA0046.jpg","jetpack_sharing_enabled":true,"jetpack_likes_enabled":true,"amp_enabled":true,"_links":{"self":[{"href":"https:\/\/encuentroinformativo.com.mx\/index.php?rest_route=\/wp\/v2\/posts\/58464","targetHints":{"allow":["GET"]}}],"collection":[{"href":"https:\/\/encuentroinformativo.com.mx\/index.php?rest_route=\/wp\/v2\/posts"}],"about":[{"href":"https:\/\/encuentroinformativo.com.mx\/index.php?rest_route=\/wp\/v2\/types\/post"}],"author":[{"embeddable":true,"href":"https:\/\/encuentroinformativo.com.mx\/index.php?rest_route=\/wp\/v2\/users\/2476"}],"replies":[{"embeddable":true,"href":"https:\/\/encuentroinformativo.com.mx\/index.php?rest_route=%2Fwp%2Fv2%2Fcomments&post=58464"}],"version-history":[{"count":1,"href":"https:\/\/encuentroinformativo.com.mx\/index.php?rest_route=\/wp\/v2\/posts\/58464\/revisions"}],"predecessor-version":[{"id":58466,"href":"https:\/\/encuentroinformativo.com.mx\/index.php?rest_route=\/wp\/v2\/posts\/58464\/revisions\/58466"}],"wp:featuredmedia":[{"embeddable":true,"href":"https:\/\/encuentroinformativo.com.mx\/index.php?rest_route=\/wp\/v2\/media\/58465"}],"wp:attachment":[{"href":"https:\/\/encuentroinformativo.com.mx\/index.php?rest_route=%2Fwp%2Fv2%2Fmedia&parent=58464"}],"wp:term":[{"taxonomy":"category","embeddable":true,"href":"https:\/\/encuentroinformativo.com.mx\/index.php?rest_route=%2Fwp%2Fv2%2Fcategories&post=58464"},{"taxonomy":"post_tag","embeddable":true,"href":"https:\/\/encuentroinformativo.com.mx\/index.php?rest_route=%2Fwp%2Fv2%2Ftags&post=58464"}],"curies":[{"name":"wp","href":"https:\/\/api.w.org\/{rel}","templated":true}]}}