{"id":5847,"date":"2020-09-15T09:21:07","date_gmt":"2020-09-15T14:21:07","guid":{"rendered":"https:\/\/encuentroinformativo.com.mx\/?p=5847"},"modified":"2020-09-15T09:02:22","modified_gmt":"2020-09-15T14:02:22","slug":"diabetes-y-obesidad-recrudecen-casos-de-covid","status":"publish","type":"post","link":"https:\/\/encuentroinformativo.com.mx\/?p=5847","title":{"rendered":"Diabetes y obesidad recrudecen casos de Covid"},"content":{"rendered":"\n<p>Ciudad de M\u00e9xico.- Enfermedades como la diabetes y la obesidad tienen impacto en la severidad de la COVID-19, mas no en la posibilidad de infectarse, coincidieron en se\u00f1alar especialistas del Instituto de Investigaciones Biom\u00e9dicas (IIBm) de la UNAM.\u00a0<\/p>\n\n\n\n<p>Mar\u00eda Teresa Tusi\u00e9 Luna asegur\u00f3 que una persona puede estar contagiada sin desarrollar la COVID-19, y quiz\u00e1 sin complicaci\u00f3n alguna, aunque esto depender\u00e1 de factores gen\u00e9ticos, ambientales y, por supuesto, de comorbilidad (dos o m\u00e1s enfermedades en el individuo).\u00a0\u00a0<\/p>\n\n\n\n<p>Asever\u00f3 que la posibilidad de infectarse o no, depende de\u00a0 condiciones demogr\u00e1ficas, lugar de residencia, tipo de trabajo, horas de permanencia en transporte p\u00fablico, la cercan\u00eda con diversas personas, entre otras.\u00a0<\/p>\n\n\n\n<p>En su oportunidad, Carlos Alberto Aguilar Salinas, dijo en el programa \u201cLa UNAM Responde\u201d, de la televisora universitaria, que en particular los adultos j\u00f3venes de 20 a 40 a\u00f1os de edad que padecen obesidad y diabetes (sin saberlo), son quienes tienen mayor posibilidad de enfrentar una situaci\u00f3n compleja.\u00a0<\/p>\n\n\n\n<p>\u201cLa obesidad favorece a una enfermedad m\u00e1s grave por COVID-19, debido a varios mecanismos, uno de estos es que las personas en esta condici\u00f3n tienen un estado inflamatorio cr\u00f3nico, que el paciente no lo percibe, no causa s\u00edntomas, pero en las c\u00e9lulas existe un aumento de la expresi\u00f3n de algunas prote\u00ednas que utiliza el virus para ingresar a los pulmones y da\u00f1arlos\u201d, precis\u00f3.\u00a0<\/p>\n\n\n\n<p>Para Mar\u00eda Teresa Tusi\u00e9 la atenci\u00f3n temprana de estas enfermedades es vital, pues en el caso de la diabetes \u2013considerada cr\u00f3nica-degenerativa\u2013, se asocia con otras, lo cual afecta m\u00e1s la salud de la persona.\u00a0\u00a0<\/p>\n\n\n\n<p>De acuerdo con Aguilar Salinas, director de Nutrici\u00f3n en el Instituto Nacional de Ciencias M\u00e9dicas y Nutrici\u00f3n Salvador Zubir\u00e1n (INCMNSZ), en el pa\u00eds hay alrededor de 10 millones de mexicanos con esa afecci\u00f3n y 75 por ciento de los adultos tiene sobrepeso. Adem\u00e1s, 20 por ciento de los diab\u00e9ticos comenz\u00f3 con la enfermedad en su etapa de juventud.\u00a0<\/p>\n\n\n\n<p>\u201cEsto reduce la calidad de vida, termina siendo un reto para la persona y sus familias, y ahora es un desaf\u00edo extra al interactuar con el virus\u201d.\u00a0<\/p>\n\n\n\n<p>Aguilar Salinas sostuvo que un factor de prevenci\u00f3n de diabetes y obesidad es alimentarse sanamente y realizar ejercicio; \u201ccada persona debe asumir la responsabilidad de su salud\u201d.<\/p>\n\n\n\n<p><strong>Interacci\u00f3n<\/strong>\u00a0<br>\u00a0<br>La diabetes y las enfermedades cr\u00f3nicas son la primera causa de muerte en M\u00e9xico; una cuarta parte de los adolescentes y una tercera de los ni\u00f1os padecen sobrepeso, lo cual aumenta la discapacidad y la dependencia, expuso Carlos Aguilar.\u00a0<\/p>\n\n\n\n<p>\u201cLas personas que tienen diabetes y que son j\u00f3venes, deben tener un control adecuado de su enfermedad y acudir con sus m\u00e9dicos para que logren la p\u00e9rdida de peso y mantener un control -a largo plazo-, de glucosa, presi\u00f3n arterial, niveles de colesterol y triglic\u00e9ridos, que por el confinamiento muchas de ellas han dejado de acudir a sus unidades m\u00e9dicas y en casos extremos han suspendido los medicamentos\u201d, refiri\u00f3.\u00a0\u00a0<\/p>\n\n\n\n<p>Agreg\u00f3 que la posibilidad de presentar diabetes por factores gen\u00e9ticos se incrementa de generaci\u00f3n en generaci\u00f3n; particularmente sucede en la poblaci\u00f3n mexicana debido a que tiene un sustrato gen\u00e9tico\u00a0 importante.<\/p>\n","protected":false},"excerpt":{"rendered":"<p>Ciudad de M\u00e9xico.- Enfermedades como la diabetes y la obesidad tienen impacto en la severidad de la COVID-19, mas no en la posibilidad de infectarse, coincidieron en se\u00f1alar especialistas del Instituto de Investigaciones Biom\u00e9dicas (IIBm) de la UNAM.\u00a0 Mar\u00eda Teresa Tusi\u00e9 Luna asegur\u00f3 que una persona puede estar contagiada sin desarrollar la COVID-19, y quiz\u00e1 [&hellip;]<\/p>\n","protected":false},"author":1,"featured_media":5846,"comment_status":"open","ping_status":"open","sticky":false,"template":"","format":"aside","meta":{"_jetpack_memberships_contains_paid_content":false,"footnotes":""},"categories":[9],"tags":[],"class_list":["post-5847","post","type-post","status-publish","format-aside","has-post-thumbnail","hentry","category-salud","post_format-post-format-aside"],"jetpack_featured_media_url":"https:\/\/encuentroinformativo.com.mx\/wp-content\/uploads\/2020\/09\/E285294F-FD38-494C-AB5F-0C61E357F8D2.jpeg","jetpack_sharing_enabled":true,"jetpack_likes_enabled":true,"amp_enabled":true,"_links":{"self":[{"href":"https:\/\/encuentroinformativo.com.mx\/index.php?rest_route=\/wp\/v2\/posts\/5847","targetHints":{"allow":["GET"]}}],"collection":[{"href":"https:\/\/encuentroinformativo.com.mx\/index.php?rest_route=\/wp\/v2\/posts"}],"about":[{"href":"https:\/\/encuentroinformativo.com.mx\/index.php?rest_route=\/wp\/v2\/types\/post"}],"author":[{"embeddable":true,"href":"https:\/\/encuentroinformativo.com.mx\/index.php?rest_route=\/wp\/v2\/users\/1"}],"replies":[{"embeddable":true,"href":"https:\/\/encuentroinformativo.com.mx\/index.php?rest_route=%2Fwp%2Fv2%2Fcomments&post=5847"}],"version-history":[{"count":1,"href":"https:\/\/encuentroinformativo.com.mx\/index.php?rest_route=\/wp\/v2\/posts\/5847\/revisions"}],"predecessor-version":[{"id":5848,"href":"https:\/\/encuentroinformativo.com.mx\/index.php?rest_route=\/wp\/v2\/posts\/5847\/revisions\/5848"}],"wp:featuredmedia":[{"embeddable":true,"href":"https:\/\/encuentroinformativo.com.mx\/index.php?rest_route=\/wp\/v2\/media\/5846"}],"wp:attachment":[{"href":"https:\/\/encuentroinformativo.com.mx\/index.php?rest_route=%2Fwp%2Fv2%2Fmedia&parent=5847"}],"wp:term":[{"taxonomy":"category","embeddable":true,"href":"https:\/\/encuentroinformativo.com.mx\/index.php?rest_route=%2Fwp%2Fv2%2Fcategories&post=5847"},{"taxonomy":"post_tag","embeddable":true,"href":"https:\/\/encuentroinformativo.com.mx\/index.php?rest_route=%2Fwp%2Fv2%2Ftags&post=5847"}],"curies":[{"name":"wp","href":"https:\/\/api.w.org\/{rel}","templated":true}]}}