{"id":58473,"date":"2024-09-11T12:57:35","date_gmt":"2024-09-11T18:57:35","guid":{"rendered":"https:\/\/encuentroinformativo.com.mx\/?p=58473"},"modified":"2024-09-11T12:57:42","modified_gmt":"2024-09-11T18:57:42","slug":"en-fast-track-aprueba-congreso-de-veracruz-la-minuta-de-reforma-al-poder-judicial-federal","status":"publish","type":"post","link":"https:\/\/encuentroinformativo.com.mx\/?p=58473","title":{"rendered":"\u00a1En fast track!, Aprueba Congreso de Veracruz la Minuta de reforma al Poder Judicial Federal"},"content":{"rendered":"\n<p>Xalapa, Ver.- Con 32 votos a favor, el Pleno de la LXVI Legislatura del estado de Veracruz aprob\u00f3 la Minuta con proyecto de Decreto por el que se reforman, adicionan y derogan diversas disposiciones de la Constituci\u00f3n Pol\u00edtica de los Estados Unidos Mexicanos, en materia de reforma del Poder Judicial, remitida por la C\u00e1mara de Senadores del Congreso de la Uni\u00f3n.<\/p>\n\n\n\n<p>En la sesi\u00f3n extraordinaria, celebrada este d\u00eda a partir de las 10:36 horas, se puso a consideraci\u00f3n del Pleno legislativo esta Minuta, misma que adem\u00e1s de los 32 votos a favor, registr\u00f3 11 en contra, sin abstenciones.<\/p>\n\n\n\n<p>De esta manera, el Congreso del Estado de Veracruz encabeza la lista de las primeras legislaturas del pa\u00eds, como Oaxaca, Tabasco y Quintana Roo en aprobar la Minuta.<\/p>\n\n\n\n<p>La Mesa Directiva, presidida por la diputada Adriana Esther Mart\u00ednez S\u00e1nchez, dio lectura al Orden del D\u00eda y tras el desahogo de cada uno de los puntos, abri\u00f3 el debate para que cada Grupo Legislativo o diputadas y diputados que no forman grupo expresaran sus posicionamientos. Participaron los diputados Miguel David Hermida Copado y Marlon Eduardo Ram\u00edrez Mar\u00edn, as\u00ed como la diputada Maribel Ram\u00edrez Topete.<\/p>\n\n\n\n<p>Tras la aprobaci\u00f3n en lo general y lo particular de la Minuta, se instruy\u00f3 emitir el Decreto correspondiente y remitir al Ejecutivo estatal para su publicaci\u00f3n en la Gaceta Oficial del Estado, as\u00ed como a la C\u00e1mara de Senadores para los efectos constitucionales.<\/p>\n","protected":false},"excerpt":{"rendered":"<p>Xalapa, Ver.- Con 32 votos a favor, el Pleno de la LXVI Legislatura del estado de Veracruz aprob\u00f3 la Minuta con proyecto de Decreto por el que se reforman, adicionan y derogan diversas disposiciones de la Constituci\u00f3n Pol\u00edtica de los Estados Unidos Mexicanos, en materia de reforma del Poder Judicial, remitida por la C\u00e1mara de [&hellip;]<\/p>\n","protected":false},"author":2476,"featured_media":58474,"comment_status":"open","ping_status":"open","sticky":false,"template":"","format":"standard","meta":{"_jetpack_memberships_contains_paid_content":false,"footnotes":""},"categories":[2],"tags":[],"class_list":["post-58473","post","type-post","status-publish","format-standard","has-post-thumbnail","hentry","category-estado"],"jetpack_featured_media_url":"https:\/\/encuentroinformativo.com.mx\/wp-content\/uploads\/2024\/09\/IMG-20240911-WA0079.jpg","jetpack_sharing_enabled":true,"jetpack_likes_enabled":true,"amp_enabled":true,"_links":{"self":[{"href":"https:\/\/encuentroinformativo.com.mx\/index.php?rest_route=\/wp\/v2\/posts\/58473","targetHints":{"allow":["GET"]}}],"collection":[{"href":"https:\/\/encuentroinformativo.com.mx\/index.php?rest_route=\/wp\/v2\/posts"}],"about":[{"href":"https:\/\/encuentroinformativo.com.mx\/index.php?rest_route=\/wp\/v2\/types\/post"}],"author":[{"embeddable":true,"href":"https:\/\/encuentroinformativo.com.mx\/index.php?rest_route=\/wp\/v2\/users\/2476"}],"replies":[{"embeddable":true,"href":"https:\/\/encuentroinformativo.com.mx\/index.php?rest_route=%2Fwp%2Fv2%2Fcomments&post=58473"}],"version-history":[{"count":1,"href":"https:\/\/encuentroinformativo.com.mx\/index.php?rest_route=\/wp\/v2\/posts\/58473\/revisions"}],"predecessor-version":[{"id":58475,"href":"https:\/\/encuentroinformativo.com.mx\/index.php?rest_route=\/wp\/v2\/posts\/58473\/revisions\/58475"}],"wp:featuredmedia":[{"embeddable":true,"href":"https:\/\/encuentroinformativo.com.mx\/index.php?rest_route=\/wp\/v2\/media\/58474"}],"wp:attachment":[{"href":"https:\/\/encuentroinformativo.com.mx\/index.php?rest_route=%2Fwp%2Fv2%2Fmedia&parent=58473"}],"wp:term":[{"taxonomy":"category","embeddable":true,"href":"https:\/\/encuentroinformativo.com.mx\/index.php?rest_route=%2Fwp%2Fv2%2Fcategories&post=58473"},{"taxonomy":"post_tag","embeddable":true,"href":"https:\/\/encuentroinformativo.com.mx\/index.php?rest_route=%2Fwp%2Fv2%2Ftags&post=58473"}],"curies":[{"name":"wp","href":"https:\/\/api.w.org\/{rel}","templated":true}]}}