{"id":58486,"date":"2024-09-11T17:38:27","date_gmt":"2024-09-11T23:38:27","guid":{"rendered":"https:\/\/encuentroinformativo.com.mx\/?p=58486"},"modified":"2024-09-11T17:38:33","modified_gmt":"2024-09-11T23:38:33","slug":"descarta-acercamiento-gomez-cazarin-con-los-yunes","status":"publish","type":"post","link":"https:\/\/encuentroinformativo.com.mx\/?p=58486","title":{"rendered":"Descarta acercamiento G\u00f3mez Cazar\u00edn con los Yunes"},"content":{"rendered":"\n<p><strong>Dar\u00edo Pale <\/strong><\/p>\n\n\n\n<p>Xalapa, Ver.- El presidente de la Junta de Coordinaci\u00f3n Pol\u00edtica del Congreso del Estado, Juan Javier G\u00f3mez Cazar\u00edn rechazo que vaya a haber un acercamiento con los Yunes.<\/p>\n\n\n\n<p>En entrevista el l\u00edder de la bancada de Morena en el Congreso del Estado, rechaz\u00f3 que vaya a haber un acercamiento con el ex gobernador Miguel \u00c1ngel Yunes Linares y con su hijo el senador Miguel \u00c1ngel Yunes M\u00e1rquez, luego de que estos votaron a favor de la Reforma Judicial en el Senado de la Rep\u00fablica, voto necesario para la mayor\u00eda calificada.<\/p>\n\n\n\n<p>\u201cAmigos no somos, ni creo que vamos a llegar a ser amigos, respetamos la decisi\u00f3n del voto de cada quien. Lo que s\u00ed reitero lo dicho en una entrevista en la ma\u00f1ana de la gobernadora electa: nosotros aqu\u00ed en Veracruz nos reservamos el derecho de admisi\u00f3n para MORENA&#8221;, se\u00f1al\u00f3.<\/p>\n\n\n\n<p>&#8220;Y vuelvo a repetir: amigos no somos. La situaci\u00f3n por la que haya votado a favor con Miguel \u00c1ngel Yunes pap\u00e1 e hijo, es una situaci\u00f3n. Nosotros aqu\u00ed en Veracruz sabemos bien qui\u00e9n es la gente que ha caminado, qui\u00e9n es la gente que ha peleado por las libertades por un gobierno a favor del pueblo. Te puedo decir que nosotros en MORENA vamos a seguir defendiendo las causas a favor del pueblo\u201d, agrego.<\/p>\n\n\n\n<p>Al ser cuestionados si \u00bfVigilar\u00e1n el actuar de la Fiscal\u00eda porque se dice cambi\u00f3 inmunidad por su voto?<\/p>\n\n\n\n<p>Contesto &#8220;eso se oye all\u00e1, pero aqu\u00ed yo te puedo decir que el d\u00eda de hoy seguimos actuando de manera honesta y responsable a favor de las veracruzanas y los veracruzanos&#8221;.<\/p>\n\n\n\n<p>&#8220;Que ellos hayan decidido all\u00e1, es otro tema, aqu\u00ed en Veracruz vamos a seguir con los principios de nuestro partido: no mentir, no robar, no traicionar&#8221;, finaliz\u00f3.<\/p>\n","protected":false},"excerpt":{"rendered":"<p>Dar\u00edo Pale Xalapa, Ver.- El presidente de la Junta de Coordinaci\u00f3n Pol\u00edtica del Congreso del Estado, Juan Javier G\u00f3mez Cazar\u00edn rechazo que vaya a haber un acercamiento con los Yunes. En entrevista el l\u00edder de la bancada de Morena en el Congreso del Estado, rechaz\u00f3 que vaya a haber un acercamiento con el ex gobernador [&hellip;]<\/p>\n","protected":false},"author":2476,"featured_media":58487,"comment_status":"open","ping_status":"open","sticky":false,"template":"","format":"standard","meta":{"_jetpack_memberships_contains_paid_content":false,"footnotes":""},"categories":[2],"tags":[],"class_list":["post-58486","post","type-post","status-publish","format-standard","has-post-thumbnail","hentry","category-estado"],"jetpack_featured_media_url":"https:\/\/encuentroinformativo.com.mx\/wp-content\/uploads\/2024\/09\/IMG-20240911-WA0114.jpg","jetpack_sharing_enabled":true,"jetpack_likes_enabled":true,"amp_enabled":true,"_links":{"self":[{"href":"https:\/\/encuentroinformativo.com.mx\/index.php?rest_route=\/wp\/v2\/posts\/58486","targetHints":{"allow":["GET"]}}],"collection":[{"href":"https:\/\/encuentroinformativo.com.mx\/index.php?rest_route=\/wp\/v2\/posts"}],"about":[{"href":"https:\/\/encuentroinformativo.com.mx\/index.php?rest_route=\/wp\/v2\/types\/post"}],"author":[{"embeddable":true,"href":"https:\/\/encuentroinformativo.com.mx\/index.php?rest_route=\/wp\/v2\/users\/2476"}],"replies":[{"embeddable":true,"href":"https:\/\/encuentroinformativo.com.mx\/index.php?rest_route=%2Fwp%2Fv2%2Fcomments&post=58486"}],"version-history":[{"count":1,"href":"https:\/\/encuentroinformativo.com.mx\/index.php?rest_route=\/wp\/v2\/posts\/58486\/revisions"}],"predecessor-version":[{"id":58488,"href":"https:\/\/encuentroinformativo.com.mx\/index.php?rest_route=\/wp\/v2\/posts\/58486\/revisions\/58488"}],"wp:featuredmedia":[{"embeddable":true,"href":"https:\/\/encuentroinformativo.com.mx\/index.php?rest_route=\/wp\/v2\/media\/58487"}],"wp:attachment":[{"href":"https:\/\/encuentroinformativo.com.mx\/index.php?rest_route=%2Fwp%2Fv2%2Fmedia&parent=58486"}],"wp:term":[{"taxonomy":"category","embeddable":true,"href":"https:\/\/encuentroinformativo.com.mx\/index.php?rest_route=%2Fwp%2Fv2%2Fcategories&post=58486"},{"taxonomy":"post_tag","embeddable":true,"href":"https:\/\/encuentroinformativo.com.mx\/index.php?rest_route=%2Fwp%2Fv2%2Ftags&post=58486"}],"curies":[{"name":"wp","href":"https:\/\/api.w.org\/{rel}","templated":true}]}}