{"id":58489,"date":"2024-09-11T17:48:14","date_gmt":"2024-09-11T23:48:14","guid":{"rendered":"https:\/\/encuentroinformativo.com.mx\/?p=58489"},"modified":"2024-09-11T17:48:19","modified_gmt":"2024-09-11T23:48:19","slug":"realizan-reunion-de-evaluacion-mandos-operativos-en-cordoba","status":"publish","type":"post","link":"https:\/\/encuentroinformativo.com.mx\/?p=58489","title":{"rendered":"Realizan reuni\u00f3n de evaluaci\u00f3n mandos operativos en C\u00f3rdoba"},"content":{"rendered":"\n<p>C\u00f3rdoba, Ver.- Dando continuidad a las acciones de coordinaci\u00f3n en la zona centro de la entidad, instrumentadas por el Gobernador Cuitl\u00e1huac Garc\u00eda Jim\u00e9nez, el Secretario de Seguridad P\u00fablica, Cap. Cuauht\u00e9moc Z\u00fa\u00f1iga Bonilla, sostuvo reuni\u00f3n de coordinaci\u00f3n con mandos operativos de la regi\u00f3n y miembros del Observatorio Ciudadano del Centro de Veracruz.<\/p>\n\n\n\n<p>En las instalaciones del Mando \u00danico de C\u00f3rdoba, se evalu\u00f3 la reducci\u00f3n significativa y buenos resultados en incidencia delictiva en la zona monta\u00f1osa de la entidad, con el fin de garantizar la seguridad, orden y paz social, en Veracruz.<\/p>\n\n\n\n<p>En la Cuarta Transformaci\u00f3n trabajamos todos los d\u00edas de manera conjunta por tu seguridad y bienestar.<\/p>\n","protected":false},"excerpt":{"rendered":"<p>C\u00f3rdoba, Ver.- Dando continuidad a las acciones de coordinaci\u00f3n en la zona centro de la entidad, instrumentadas por el Gobernador Cuitl\u00e1huac Garc\u00eda Jim\u00e9nez, el Secretario de Seguridad P\u00fablica, Cap. Cuauht\u00e9moc Z\u00fa\u00f1iga Bonilla, sostuvo reuni\u00f3n de coordinaci\u00f3n con mandos operativos de la regi\u00f3n y miembros del Observatorio Ciudadano del Centro de Veracruz. En las instalaciones del [&hellip;]<\/p>\n","protected":false},"author":2476,"featured_media":58490,"comment_status":"open","ping_status":"open","sticky":false,"template":"","format":"standard","meta":{"_jetpack_memberships_contains_paid_content":false,"footnotes":""},"categories":[2],"tags":[],"class_list":["post-58489","post","type-post","status-publish","format-standard","has-post-thumbnail","hentry","category-estado"],"jetpack_featured_media_url":"https:\/\/encuentroinformativo.com.mx\/wp-content\/uploads\/2024\/09\/IMG-20240911-WA0128.jpg","jetpack_sharing_enabled":true,"jetpack_likes_enabled":true,"amp_enabled":true,"_links":{"self":[{"href":"https:\/\/encuentroinformativo.com.mx\/index.php?rest_route=\/wp\/v2\/posts\/58489","targetHints":{"allow":["GET"]}}],"collection":[{"href":"https:\/\/encuentroinformativo.com.mx\/index.php?rest_route=\/wp\/v2\/posts"}],"about":[{"href":"https:\/\/encuentroinformativo.com.mx\/index.php?rest_route=\/wp\/v2\/types\/post"}],"author":[{"embeddable":true,"href":"https:\/\/encuentroinformativo.com.mx\/index.php?rest_route=\/wp\/v2\/users\/2476"}],"replies":[{"embeddable":true,"href":"https:\/\/encuentroinformativo.com.mx\/index.php?rest_route=%2Fwp%2Fv2%2Fcomments&post=58489"}],"version-history":[{"count":1,"href":"https:\/\/encuentroinformativo.com.mx\/index.php?rest_route=\/wp\/v2\/posts\/58489\/revisions"}],"predecessor-version":[{"id":58491,"href":"https:\/\/encuentroinformativo.com.mx\/index.php?rest_route=\/wp\/v2\/posts\/58489\/revisions\/58491"}],"wp:featuredmedia":[{"embeddable":true,"href":"https:\/\/encuentroinformativo.com.mx\/index.php?rest_route=\/wp\/v2\/media\/58490"}],"wp:attachment":[{"href":"https:\/\/encuentroinformativo.com.mx\/index.php?rest_route=%2Fwp%2Fv2%2Fmedia&parent=58489"}],"wp:term":[{"taxonomy":"category","embeddable":true,"href":"https:\/\/encuentroinformativo.com.mx\/index.php?rest_route=%2Fwp%2Fv2%2Fcategories&post=58489"},{"taxonomy":"post_tag","embeddable":true,"href":"https:\/\/encuentroinformativo.com.mx\/index.php?rest_route=%2Fwp%2Fv2%2Ftags&post=58489"}],"curies":[{"name":"wp","href":"https:\/\/api.w.org\/{rel}","templated":true}]}}