{"id":5849,"date":"2020-09-15T12:38:40","date_gmt":"2020-09-15T17:38:40","guid":{"rendered":"https:\/\/encuentroinformativo.com.mx\/?p=5849"},"modified":"2020-09-15T12:39:35","modified_gmt":"2020-09-15T17:39:35","slug":"nada-que-celebrar-pais-esta-de-luto-frente-por-la-familia","status":"publish","type":"post","link":"https:\/\/encuentroinformativo.com.mx\/?p=5849","title":{"rendered":"Nada que celebrar, pa\u00eds est\u00e1 de luto: Frente por la Familia"},"content":{"rendered":"\n<p><strong>Dar\u00edo Pale <\/strong><\/p>\n\n\n\n<p>Xalapa, Ver.- El contador Ignacio Guadarrama Ram\u00edrez presidente del Frente Nacional por la Familia en Xalapa, dio a conocer que este 15 y 16 de septiembre no son fechas para celebrar, pues el pa\u00eds est\u00e1 de luto por las muertes provocadas por el Covid-19.<\/p>\n\n\n\n<p>En conferencia de prensa realizada en conocido caf\u00e9 del centro de Xalapa se\u00f1al\u00f3 que, &#8220;somos uno de los pa\u00edses con m\u00e1s bajas en el personal de Salud por falta de protecci\u00f3n adecuada&#8230; Hoy no tenemos nada que festejar el 15 y 16 de septiembre&#8221;.<\/p>\n\n\n\n<p>En cuanto a las festividades del mes patrio calific\u00f3 de &#8220;diab\u00f3lica&#8221; la celebraci\u00f3n de Independencia que encabezar\u00e1 el Presidente Andr\u00e9s Manuel L\u00f3pez Obrador, &#8220;hoy va a hacer AMLO una representaci\u00f3n realmente diab\u00f3lica en M\u00e9xico. Va a ser una representaci\u00f3n con antorchas y ritos paganos, que no son cristianos&#8221;.<\/p>\n\n\n\n<p>Por lo anterior, anunciaron una caravana de autom\u00f3viles el pr\u00f3ximo 26 de septiembre como rechazo a la pol\u00edtica de salud durante la actual contingencia sanitaria, y al mismo tiempo protestar\u00e1n nuevamente contra el aborto y la inseguridad en el pa\u00eds.<\/p>\n\n\n\n<p>Finalmente lament\u00f3 que hay m\u00e1s de 71 mil muertos debido a la pandemia, al igual que la inseguridad, la violencia, la impunidad que hoy amenaza a la sociedad ya que son flagelos que vive la ciudadan\u00eda.<\/p>\n","protected":false},"excerpt":{"rendered":"<p>Dar\u00edo Pale Xalapa, Ver.- El contador Ignacio Guadarrama Ram\u00edrez presidente del Frente Nacional por la Familia en Xalapa, dio a conocer que este 15 y 16 de septiembre no son fechas para celebrar, pues el pa\u00eds est\u00e1 de luto por las muertes provocadas por el Covid-19. En conferencia de prensa realizada en conocido caf\u00e9 del [&hellip;]<\/p>\n","protected":false},"author":1,"featured_media":5850,"comment_status":"open","ping_status":"open","sticky":false,"template":"","format":"aside","meta":{"_jetpack_memberships_contains_paid_content":false,"footnotes":""},"categories":[3],"tags":[],"class_list":["post-5849","post","type-post","status-publish","format-aside","has-post-thumbnail","hentry","category-xalapa","post_format-post-format-aside"],"jetpack_featured_media_url":"https:\/\/encuentroinformativo.com.mx\/wp-content\/uploads\/2020\/09\/768F5515-C884-47F8-87F4-C43C7BBE8C59.jpeg","jetpack_sharing_enabled":true,"jetpack_likes_enabled":true,"amp_enabled":true,"_links":{"self":[{"href":"https:\/\/encuentroinformativo.com.mx\/index.php?rest_route=\/wp\/v2\/posts\/5849","targetHints":{"allow":["GET"]}}],"collection":[{"href":"https:\/\/encuentroinformativo.com.mx\/index.php?rest_route=\/wp\/v2\/posts"}],"about":[{"href":"https:\/\/encuentroinformativo.com.mx\/index.php?rest_route=\/wp\/v2\/types\/post"}],"author":[{"embeddable":true,"href":"https:\/\/encuentroinformativo.com.mx\/index.php?rest_route=\/wp\/v2\/users\/1"}],"replies":[{"embeddable":true,"href":"https:\/\/encuentroinformativo.com.mx\/index.php?rest_route=%2Fwp%2Fv2%2Fcomments&post=5849"}],"version-history":[{"count":2,"href":"https:\/\/encuentroinformativo.com.mx\/index.php?rest_route=\/wp\/v2\/posts\/5849\/revisions"}],"predecessor-version":[{"id":5852,"href":"https:\/\/encuentroinformativo.com.mx\/index.php?rest_route=\/wp\/v2\/posts\/5849\/revisions\/5852"}],"wp:featuredmedia":[{"embeddable":true,"href":"https:\/\/encuentroinformativo.com.mx\/index.php?rest_route=\/wp\/v2\/media\/5850"}],"wp:attachment":[{"href":"https:\/\/encuentroinformativo.com.mx\/index.php?rest_route=%2Fwp%2Fv2%2Fmedia&parent=5849"}],"wp:term":[{"taxonomy":"category","embeddable":true,"href":"https:\/\/encuentroinformativo.com.mx\/index.php?rest_route=%2Fwp%2Fv2%2Fcategories&post=5849"},{"taxonomy":"post_tag","embeddable":true,"href":"https:\/\/encuentroinformativo.com.mx\/index.php?rest_route=%2Fwp%2Fv2%2Ftags&post=5849"}],"curies":[{"name":"wp","href":"https:\/\/api.w.org\/{rel}","templated":true}]}}