{"id":58517,"date":"2024-09-12T14:16:38","date_gmt":"2024-09-12T20:16:38","guid":{"rendered":"https:\/\/encuentroinformativo.com.mx\/?p=58517"},"modified":"2024-09-12T14:16:46","modified_gmt":"2024-09-12T20:16:46","slug":"galardonan-a-fundacion-cbro-por-constante-apoyo-a-la-educacion-en-jamapa","status":"publish","type":"post","link":"https:\/\/encuentroinformativo.com.mx\/?p=58517","title":{"rendered":"Galardonan a Fundaci\u00f3n CBRO por constante apoyo a la educaci\u00f3n en Jamapa"},"content":{"rendered":"\n<p><strong>Alejandro \u00c1vila<\/strong><\/p>\n\n\n\n<p>Jamapa, Ver.- El pasado lunes la Fundaci\u00f3n Cbro fue galardonada en el municipio de Jamapa, en el marco del aniversario de la Escuela Primaria &#8220;Josefa Ortiz de Dom\u00ednguez&#8221;, la m\u00e1s longeva quiz\u00e1 de la entidad y la cual cumpli\u00f3 220 a\u00f1os de existencia.<\/p>\n\n\n\n<p>El presidente de la Fundaci\u00f3n, Pablo Caballero P\u00e9rez, y la directora de la organizaci\u00f3n, Karina Guzm\u00e1n, fueron reconocidos por docentes y padres de familia, debido a las constantes aportaciones que realizan en las localidades para fomentar la educaci\u00f3n y evitar la deserci\u00f3n escolar.<\/p>\n\n\n\n<p>En dicho evento tambi\u00e9n se destac\u00f3 la labor de la maestra, Luc\u00eda D\u00edaz Garc\u00eda, como promotora en aperturas de brechas educativas; de la misma manera, se reconoci\u00f3 a Sebasti\u00e1n a Medina Ruiz, conocida como Do\u00f1a Tana, una de las fundadoras de la escuela.<\/p>\n\n\n\n<p>Es de mencionar que la Fundaci\u00f3n Cbro realiza diversas aportaciones en el municipio de Jamapa, entre ellas, Talleres y Foros hacia padres de familia, donde se les puntualiza la importancia de que los j\u00f3venes reciban la formaci\u00f3n acad\u00e9mica con la finalidad de darles herramientas para obtener un mejor futuro.<\/p>\n\n\n\n<p>Finalmente, el programa oncluy\u00f3 con la develaci\u00f3n de la placa conmemorativa recibida por el director de la instituci\u00f3n, Rodolfo H\u00e9ctor Gonzales Marcial.<\/p>\n","protected":false},"excerpt":{"rendered":"<p>Alejandro \u00c1vila Jamapa, Ver.- El pasado lunes la Fundaci\u00f3n Cbro fue galardonada en el municipio de Jamapa, en el marco del aniversario de la Escuela Primaria &#8220;Josefa Ortiz de Dom\u00ednguez&#8221;, la m\u00e1s longeva quiz\u00e1 de la entidad y la cual cumpli\u00f3 220 a\u00f1os de existencia. El presidente de la Fundaci\u00f3n, Pablo Caballero P\u00e9rez, y la [&hellip;]<\/p>\n","protected":false},"author":2476,"featured_media":58518,"comment_status":"open","ping_status":"open","sticky":false,"template":"","format":"standard","meta":{"_jetpack_memberships_contains_paid_content":false,"footnotes":""},"categories":[2],"tags":[],"class_list":["post-58517","post","type-post","status-publish","format-standard","has-post-thumbnail","hentry","category-estado"],"jetpack_featured_media_url":"https:\/\/encuentroinformativo.com.mx\/wp-content\/uploads\/2024\/09\/IMG-20240912-WA00922-scaled.jpg","jetpack_sharing_enabled":true,"jetpack_likes_enabled":true,"amp_enabled":true,"_links":{"self":[{"href":"https:\/\/encuentroinformativo.com.mx\/index.php?rest_route=\/wp\/v2\/posts\/58517","targetHints":{"allow":["GET"]}}],"collection":[{"href":"https:\/\/encuentroinformativo.com.mx\/index.php?rest_route=\/wp\/v2\/posts"}],"about":[{"href":"https:\/\/encuentroinformativo.com.mx\/index.php?rest_route=\/wp\/v2\/types\/post"}],"author":[{"embeddable":true,"href":"https:\/\/encuentroinformativo.com.mx\/index.php?rest_route=\/wp\/v2\/users\/2476"}],"replies":[{"embeddable":true,"href":"https:\/\/encuentroinformativo.com.mx\/index.php?rest_route=%2Fwp%2Fv2%2Fcomments&post=58517"}],"version-history":[{"count":1,"href":"https:\/\/encuentroinformativo.com.mx\/index.php?rest_route=\/wp\/v2\/posts\/58517\/revisions"}],"predecessor-version":[{"id":58519,"href":"https:\/\/encuentroinformativo.com.mx\/index.php?rest_route=\/wp\/v2\/posts\/58517\/revisions\/58519"}],"wp:featuredmedia":[{"embeddable":true,"href":"https:\/\/encuentroinformativo.com.mx\/index.php?rest_route=\/wp\/v2\/media\/58518"}],"wp:attachment":[{"href":"https:\/\/encuentroinformativo.com.mx\/index.php?rest_route=%2Fwp%2Fv2%2Fmedia&parent=58517"}],"wp:term":[{"taxonomy":"category","embeddable":true,"href":"https:\/\/encuentroinformativo.com.mx\/index.php?rest_route=%2Fwp%2Fv2%2Fcategories&post=58517"},{"taxonomy":"post_tag","embeddable":true,"href":"https:\/\/encuentroinformativo.com.mx\/index.php?rest_route=%2Fwp%2Fv2%2Ftags&post=58517"}],"curies":[{"name":"wp","href":"https:\/\/api.w.org\/{rel}","templated":true}]}}