{"id":58520,"date":"2024-09-12T14:32:20","date_gmt":"2024-09-12T20:32:20","guid":{"rendered":"https:\/\/encuentroinformativo.com.mx\/?p=58520"},"modified":"2024-09-12T14:32:25","modified_gmt":"2024-09-12T20:32:25","slug":"sin-nuevas-plazas-para-trabajadores-del-poder-ejecutivo","status":"publish","type":"post","link":"https:\/\/encuentroinformativo.com.mx\/?p=58520","title":{"rendered":"Sin nuevas plazas para trabajadores del Poder Ejecutivo"},"content":{"rendered":"\n<p><strong>Dar\u00edo Pale <\/strong><\/p>\n\n\n\n<p>Xalapa, Ver.- La actual administraci\u00f3n de Cuitl\u00e1huac Garc\u00eda Jim\u00e9nez no ha abierto nuevas plazas para los trabajadores, as\u00ed lo dio a conocer el secretario general de los Trabajadores al Servicio del Poder Ejecutivo, Jos\u00e9 Mayolo Garc\u00eda.<\/p>\n\n\n\n<p>En entrevista dijo que se trata de alrededor de 7 mil trabajadores quienes est\u00e1n bajo contrato temporal administrativo que esperan su base con hasta 25 a\u00f1os de antig\u00fcedad.<\/p>\n\n\n\n<p>Se\u00f1al\u00f3 que a\u00f1o con a\u00f1o esta solicitud se agrega en sus pliegos petitorios y dijo que se espera que aunque esta administraci\u00f3n estatal est\u00e1 por finalizar, se logre el objetivo.<\/p>\n\n\n\n<p>\u201cSeguimos insistiendo a\u00f1o con a\u00f1o en cada uno de nuestros pliegos petitorios la generaci\u00f3n y creaci\u00f3n de plazas para el personal que ya lleva mucho tiempo en una condici\u00f3n de contrato como empleados temporal administrativo, esperemos que aun en este cierre de administraci\u00f3n a escasos 3 meses podamos lograr ese objetivo\u201d, coment\u00f3.<\/p>\n\n\n\n<p>Asimismo, dio a conocer que esta condici\u00f3n no les permite acceder a alguna pensi\u00f3n ni tener seguridad.<\/p>\n\n\n\n<p>Por \u00faltimo precis\u00f3 que el argumento de la administraci\u00f3n es que la situaci\u00f3n presupuestal no lo permite y a\u00f1adi\u00f3 que esto ha sido una constante en las anteriores administraciones.<\/p>\n","protected":false},"excerpt":{"rendered":"<p>Dar\u00edo Pale Xalapa, Ver.- La actual administraci\u00f3n de Cuitl\u00e1huac Garc\u00eda Jim\u00e9nez no ha abierto nuevas plazas para los trabajadores, as\u00ed lo dio a conocer el secretario general de los Trabajadores al Servicio del Poder Ejecutivo, Jos\u00e9 Mayolo Garc\u00eda. En entrevista dijo que se trata de alrededor de 7 mil trabajadores quienes est\u00e1n bajo contrato temporal [&hellip;]<\/p>\n","protected":false},"author":2476,"featured_media":58521,"comment_status":"open","ping_status":"open","sticky":false,"template":"","format":"standard","meta":{"_jetpack_memberships_contains_paid_content":false,"footnotes":""},"categories":[2],"tags":[],"class_list":["post-58520","post","type-post","status-publish","format-standard","has-post-thumbnail","hentry","category-estado"],"jetpack_featured_media_url":"https:\/\/encuentroinformativo.com.mx\/wp-content\/uploads\/2024\/09\/IMG-20240912-WA0078.jpg","jetpack_sharing_enabled":true,"jetpack_likes_enabled":true,"amp_enabled":true,"_links":{"self":[{"href":"https:\/\/encuentroinformativo.com.mx\/index.php?rest_route=\/wp\/v2\/posts\/58520","targetHints":{"allow":["GET"]}}],"collection":[{"href":"https:\/\/encuentroinformativo.com.mx\/index.php?rest_route=\/wp\/v2\/posts"}],"about":[{"href":"https:\/\/encuentroinformativo.com.mx\/index.php?rest_route=\/wp\/v2\/types\/post"}],"author":[{"embeddable":true,"href":"https:\/\/encuentroinformativo.com.mx\/index.php?rest_route=\/wp\/v2\/users\/2476"}],"replies":[{"embeddable":true,"href":"https:\/\/encuentroinformativo.com.mx\/index.php?rest_route=%2Fwp%2Fv2%2Fcomments&post=58520"}],"version-history":[{"count":1,"href":"https:\/\/encuentroinformativo.com.mx\/index.php?rest_route=\/wp\/v2\/posts\/58520\/revisions"}],"predecessor-version":[{"id":58522,"href":"https:\/\/encuentroinformativo.com.mx\/index.php?rest_route=\/wp\/v2\/posts\/58520\/revisions\/58522"}],"wp:featuredmedia":[{"embeddable":true,"href":"https:\/\/encuentroinformativo.com.mx\/index.php?rest_route=\/wp\/v2\/media\/58521"}],"wp:attachment":[{"href":"https:\/\/encuentroinformativo.com.mx\/index.php?rest_route=%2Fwp%2Fv2%2Fmedia&parent=58520"}],"wp:term":[{"taxonomy":"category","embeddable":true,"href":"https:\/\/encuentroinformativo.com.mx\/index.php?rest_route=%2Fwp%2Fv2%2Fcategories&post=58520"},{"taxonomy":"post_tag","embeddable":true,"href":"https:\/\/encuentroinformativo.com.mx\/index.php?rest_route=%2Fwp%2Fv2%2Ftags&post=58520"}],"curies":[{"name":"wp","href":"https:\/\/api.w.org\/{rel}","templated":true}]}}