{"id":58526,"date":"2024-09-12T14:50:08","date_gmt":"2024-09-12T20:50:08","guid":{"rendered":"https:\/\/encuentroinformativo.com.mx\/?p=58526"},"modified":"2024-09-12T14:50:13","modified_gmt":"2024-09-12T20:50:13","slug":"sin-suspension-de-grito-de-independencia-en-ayuntamientos-segob","status":"publish","type":"post","link":"https:\/\/encuentroinformativo.com.mx\/?p=58526","title":{"rendered":"Sin suspensi\u00f3n de grito de independencia en Ayuntamientos: Segob"},"content":{"rendered":"\n<p><strong>Dar\u00edo Pale<\/strong> <\/p>\n\n\n\n<p>Xalapa, Ver.- El Secretario de gobierno, Carlos Alberto Ju\u00e1rez Gil, inform\u00f3 que en los 212 ayuntamientos se dar\u00e1 El Grito de Independencia, rechaz\u00f3 que cuenten con alg\u00fan punto que represente un riesgo en la geograf\u00eda veracruzana, por lo que se prev\u00e9 que las ceremonias del grito se lleven a cabo sin incidentes en todo el estado.<\/p>\n\n\n\n<p>En ese sentido, en el caso concreto de Xalapa donde se llevar\u00e1 a cabo el \u201c\u00faltimo\u201d grito del gobernador Cuitl\u00e1huac Garc\u00eda Jim\u00e9nez, se contar\u00e1 con la presentaci\u00f3n del cantante Ed\u00e9n Mu\u00f1oz, por lo que se afinan los detalles para la festividad de este domingo 15 de septiembre.<\/p>\n\n\n\n<p>\u201cNo hay ninguno, todos van a salir, en Xalapa ya lo estamos revisando, vamos a tener ah\u00ed un artista que se filtr\u00f3, estamos con este \u00e1nimo, este j\u00fabilo ya de estar en este \u00faltimo 15 de septiembre del primer gobierno transformador de Veracruz\u201d.<\/p>\n\n\n\n<p>Adem\u00e1s de que habr\u00e1 representaci\u00f3n del Estado en los municipios, destac\u00f3 que como cada a\u00f1o se implementa un operativo coordinado de seguridad, donde participan fuerzas estatales, as\u00ed como federales y en varios casos municipales.<\/p>\n\n\n\n<p>\u201cSiempre se despliega un operativo en las distintas regiones del estado, para tener ah\u00ed todo vigilado&#8221;, se\u00f1al\u00f3.<\/p>\n\n\n\n<p>&#8220;Es una coordinaci\u00f3n que hacemos con todos los compa\u00f1eros alcaldes que van a estar haciendo sus gritos, mandamos representaciones y vamos a tratar de hacer una jornada tranquila y en paz, para que todos los ciudadanos puedan asistir a los gritos de independencia de cada uno de los municipios\u201d, agreg\u00f3.<\/p>\n\n\n\n<p>Finalmente, agreg\u00f3 que se prev\u00e9 el arribo de entre 25 y 30 mil ciudadanos, para dar el grito de independencia as\u00ed como posteriormente disfrutar del espect\u00e1culo art\u00edstico.<\/p>\n","protected":false},"excerpt":{"rendered":"<p>Dar\u00edo Pale Xalapa, Ver.- El Secretario de gobierno, Carlos Alberto Ju\u00e1rez Gil, inform\u00f3 que en los 212 ayuntamientos se dar\u00e1 El Grito de Independencia, rechaz\u00f3 que cuenten con alg\u00fan punto que represente un riesgo en la geograf\u00eda veracruzana, por lo que se prev\u00e9 que las ceremonias del grito se lleven a cabo sin incidentes en [&hellip;]<\/p>\n","protected":false},"author":2476,"featured_media":58527,"comment_status":"open","ping_status":"open","sticky":false,"template":"","format":"standard","meta":{"_jetpack_memberships_contains_paid_content":false,"footnotes":""},"categories":[2],"tags":[],"class_list":["post-58526","post","type-post","status-publish","format-standard","has-post-thumbnail","hentry","category-estado"],"jetpack_featured_media_url":"https:\/\/encuentroinformativo.com.mx\/wp-content\/uploads\/2024\/09\/IMG-20240912-WA0099.jpg","jetpack_sharing_enabled":true,"jetpack_likes_enabled":true,"amp_enabled":true,"_links":{"self":[{"href":"https:\/\/encuentroinformativo.com.mx\/index.php?rest_route=\/wp\/v2\/posts\/58526","targetHints":{"allow":["GET"]}}],"collection":[{"href":"https:\/\/encuentroinformativo.com.mx\/index.php?rest_route=\/wp\/v2\/posts"}],"about":[{"href":"https:\/\/encuentroinformativo.com.mx\/index.php?rest_route=\/wp\/v2\/types\/post"}],"author":[{"embeddable":true,"href":"https:\/\/encuentroinformativo.com.mx\/index.php?rest_route=\/wp\/v2\/users\/2476"}],"replies":[{"embeddable":true,"href":"https:\/\/encuentroinformativo.com.mx\/index.php?rest_route=%2Fwp%2Fv2%2Fcomments&post=58526"}],"version-history":[{"count":1,"href":"https:\/\/encuentroinformativo.com.mx\/index.php?rest_route=\/wp\/v2\/posts\/58526\/revisions"}],"predecessor-version":[{"id":58528,"href":"https:\/\/encuentroinformativo.com.mx\/index.php?rest_route=\/wp\/v2\/posts\/58526\/revisions\/58528"}],"wp:featuredmedia":[{"embeddable":true,"href":"https:\/\/encuentroinformativo.com.mx\/index.php?rest_route=\/wp\/v2\/media\/58527"}],"wp:attachment":[{"href":"https:\/\/encuentroinformativo.com.mx\/index.php?rest_route=%2Fwp%2Fv2%2Fmedia&parent=58526"}],"wp:term":[{"taxonomy":"category","embeddable":true,"href":"https:\/\/encuentroinformativo.com.mx\/index.php?rest_route=%2Fwp%2Fv2%2Fcategories&post=58526"},{"taxonomy":"post_tag","embeddable":true,"href":"https:\/\/encuentroinformativo.com.mx\/index.php?rest_route=%2Fwp%2Fv2%2Ftags&post=58526"}],"curies":[{"name":"wp","href":"https:\/\/api.w.org\/{rel}","templated":true}]}}