{"id":5853,"date":"2020-09-15T12:46:41","date_gmt":"2020-09-15T17:46:41","guid":{"rendered":"https:\/\/encuentroinformativo.com.mx\/?p=5853"},"modified":"2020-09-15T12:46:44","modified_gmt":"2020-09-15T17:46:44","slug":"ponen-en-marcha-campana-soloxayudar","status":"publish","type":"post","link":"https:\/\/encuentroinformativo.com.mx\/?p=5853","title":{"rendered":"Ponen en marcha campa\u00f1a #S\u00f3loXAyudar"},"content":{"rendered":"\n<p>Xalapa, Ver.-\u00a0 Con la finalidad de apoyar a las familias de bajos recursos econ\u00f3micos, la organizaci\u00f3n\u00a0<em>Recupera la Atenas<\/em>\u00a0puso en marcha el programa\u00a0<em>#S\u00f3loXAyudar<\/em>, mediante el cual se realizar\u00e1 la donaci\u00f3n de alimentos durante todos los s\u00e1bados de septiembre y octubre.\u00a0<\/p>\n\n\n\n<p>Motivo por el cual, el pasado fin de semana dio inicio este programa en la colonia El Moral, a donde acudieron ciudadanos y ciudadanas emprendedores integrantes de dicha organizaci\u00f3n para realizar la entrega de alimentos a familias que lo necesitan ante la dif\u00edcil situaci\u00f3n econ\u00f3mica que se vive a consecuencia de la pandemia por Covid-19.<\/p>\n\n\n\n<p>Estas acciones se realizaron de manera conjunta con el apoyo de locatarios de la Central de Abastos de Xalapa, quienes se dieron a la tarea de vincular a familias que necesitan el apoyo en distintos puntos de la ciudad y los cuales ser\u00e1n atendidos durante los pr\u00f3ximos fines de semana.&nbsp;<\/p>\n\n\n\n<p>Los apoyos consisten en productos de la canasta b\u00e1sica que solidariamente se colectan para entregar en las colonias de Xalapa; la actividad se desarroll\u00f3 cumpliendo las medidas sanitarias recomendadas por las autoridades tales como el uso de cubrebocas, guantes y gel antibacterial.<\/p>\n\n\n\n<p>En palabras del Coordinador General del movimiento \u201cRecupera la Atenas\u201d, Agust\u00edn Arcos Gamboa, \u201cse trata de aportar un granito de arena para fortalecer la nutrici\u00f3n de ni\u00f1as y ni\u00f1os de la capital veracruzana\u201d.<\/p>\n\n\n\n<p>Del mismo modo, explic\u00f3, que se trata de ir m\u00e1s all\u00e1 del asistencialismo, pues el movimiento, dentro de sus ejes estrat\u00e9gicos de trabajo considera algunas actividades dirigidas a fortalecer a micro y peque\u00f1os comercios, formales y no formales para \u201crecuperar\u201d el t\u00edtulo de la \u201cAtenas Veracruzana para Xalapa\u201d.<\/p>\n\n\n\n<p>La campa\u00f1a \u201c<em>S\u00f3loXAyudar<\/em>\u201d es un ejemplo solidario de la sociedad civil sumada a la construcci\u00f3n de una mejor ciudad y un mejor futuro para las familias xalape\u00f1as.<\/p>\n","protected":false},"excerpt":{"rendered":"<p>Xalapa, Ver.-\u00a0 Con la finalidad de apoyar a las familias de bajos recursos econ\u00f3micos, la organizaci\u00f3n\u00a0Recupera la Atenas\u00a0puso en marcha el programa\u00a0#S\u00f3loXAyudar, mediante el cual se realizar\u00e1 la donaci\u00f3n de alimentos durante todos los s\u00e1bados de septiembre y octubre.\u00a0 Motivo por el cual, el pasado fin de semana dio inicio este programa en la colonia [&hellip;]<\/p>\n","protected":false},"author":1,"featured_media":5854,"comment_status":"open","ping_status":"open","sticky":false,"template":"","format":"aside","meta":{"_jetpack_memberships_contains_paid_content":false,"footnotes":""},"categories":[3],"tags":[],"class_list":["post-5853","post","type-post","status-publish","format-aside","has-post-thumbnail","hentry","category-xalapa","post_format-post-format-aside"],"jetpack_featured_media_url":"https:\/\/encuentroinformativo.com.mx\/wp-content\/uploads\/2020\/09\/171F98AA-3AB3-4204-8773-24EAFE76CF9A.jpeg","jetpack_sharing_enabled":true,"jetpack_likes_enabled":true,"amp_enabled":true,"_links":{"self":[{"href":"https:\/\/encuentroinformativo.com.mx\/index.php?rest_route=\/wp\/v2\/posts\/5853","targetHints":{"allow":["GET"]}}],"collection":[{"href":"https:\/\/encuentroinformativo.com.mx\/index.php?rest_route=\/wp\/v2\/posts"}],"about":[{"href":"https:\/\/encuentroinformativo.com.mx\/index.php?rest_route=\/wp\/v2\/types\/post"}],"author":[{"embeddable":true,"href":"https:\/\/encuentroinformativo.com.mx\/index.php?rest_route=\/wp\/v2\/users\/1"}],"replies":[{"embeddable":true,"href":"https:\/\/encuentroinformativo.com.mx\/index.php?rest_route=%2Fwp%2Fv2%2Fcomments&post=5853"}],"version-history":[{"count":1,"href":"https:\/\/encuentroinformativo.com.mx\/index.php?rest_route=\/wp\/v2\/posts\/5853\/revisions"}],"predecessor-version":[{"id":5855,"href":"https:\/\/encuentroinformativo.com.mx\/index.php?rest_route=\/wp\/v2\/posts\/5853\/revisions\/5855"}],"wp:featuredmedia":[{"embeddable":true,"href":"https:\/\/encuentroinformativo.com.mx\/index.php?rest_route=\/wp\/v2\/media\/5854"}],"wp:attachment":[{"href":"https:\/\/encuentroinformativo.com.mx\/index.php?rest_route=%2Fwp%2Fv2%2Fmedia&parent=5853"}],"wp:term":[{"taxonomy":"category","embeddable":true,"href":"https:\/\/encuentroinformativo.com.mx\/index.php?rest_route=%2Fwp%2Fv2%2Fcategories&post=5853"},{"taxonomy":"post_tag","embeddable":true,"href":"https:\/\/encuentroinformativo.com.mx\/index.php?rest_route=%2Fwp%2Fv2%2Ftags&post=5853"}],"curies":[{"name":"wp","href":"https:\/\/api.w.org\/{rel}","templated":true}]}}