{"id":58532,"date":"2024-09-12T17:19:14","date_gmt":"2024-09-12T23:19:14","guid":{"rendered":"https:\/\/encuentroinformativo.com.mx\/?p=58532"},"modified":"2024-09-12T17:19:21","modified_gmt":"2024-09-12T23:19:21","slug":"quien-maltrata-a-un-animal-es-un-violentandor-en-potencia-egp","status":"publish","type":"post","link":"https:\/\/encuentroinformativo.com.mx\/?p=58532","title":{"rendered":"Qui\u00e9n maltrata a un animal es un violentandor en potencia: EGP"},"content":{"rendered":"\n<ul class=\"wp-block-list\"><li>Se realiza Foro de Prevenci\u00f3n del Maltrato Animal.<\/li><li>M\u00e1s del 70% de los animales de este pa\u00eds sufren maltrato.<\/li><\/ul>\n\n\n\n<p>Xalapa, Ver.- Con el firme prop\u00f3sito de entablar di\u00e1logo propositivo para la creaci\u00f3n de pol\u00edticas p\u00fablicas a favor de los animales, la ma\u00f1ana de este jueves se llev\u00f3 a cabo el Primer Foro <em>Prevenci\u00f3n del Maltrato Animal como Estrategia de Prevenci\u00f3n del Delito<\/em>, teniendo como sede el Foro Cultural Carmela Rey, en esta capital.<\/p>\n\n\n\n<p>Este evento cont\u00f3 con la participaci\u00f3n de distintas instituciones tanto del gobierno federal, como del gobierno de Veracruz; as\u00ed como tambi\u00e9n ponentes, acad\u00e9micos y Asociaciones Civiles quienes establecieron una mesa de di\u00e1logo, expresaron sus ideas, no solo hablando del Maltrato Animal, sino del verdadero significado que tiene.<\/p>\n\n\n\n<p>Dentro de los conferencistas que compartieron sus ponencias con el auditorio presente, destacaron el Dr. Rodrigo Ram\u00edrez Rodr\u00edguez, investigador postdoctoral CONAHCYT; Dr. Javier Figueroa Castellanos, catedr\u00e1tico del Instituto de Estudios Criminol\u00f3gicos Transdiciplinarios; as\u00ed como con la participaci\u00f3n del Diputado Federal Eleazar Guerrero P\u00e9rez, miembro de la LXVI legislatura en el Congreso de la Uni\u00f3n.<\/p>\n\n\n\n<p>En su intervenci\u00f3n, el legislador afirm\u00f3 que el maltrato animal no puede ni debe quedar fuera de las pol\u00edticas p\u00fablicas de este gobierno que busca crear una sociedad m\u00e1s justa, considerando importante estos eventos donde se escuchan las voces de las y los ciudadanos; \u201cM\u00e1s del 70% de los animales de este pa\u00eds sufren maltrato, y eso no lo puede permitir el Gobierno de la 4T, por eso en el paquete de reformas presentado el 5 de febrero, tambi\u00e9n viene la de la Prohibici\u00f3n del Maltrato Animal\u201d, apunt\u00f3.<\/p>\n\n\n\n<p>El Maestro Guerrero P\u00e9rez fue enf\u00e1tico al decir que como sociedad se debe tener claro que quien maltrata a un animal es un violentandor en potencia de cualquier ser vivo, punto que se debe atender como un foco para la prevenci\u00f3n de delitos; \u201cMuy poco se avanza en este tema de maltrato animal, pero debemos ir m\u00e1s a fondo y buscamos una ley profunda a trav\u00e9s de una reforma constitucional, una ley profunda para cambiar la historia de un pa\u00eds en el que el 70% de los animales son maltratados.\u201d, afirm\u00f3.<\/p>\n\n\n\n<p>Para finalizar reiter\u00f3 su compromiso adquirido, representando a las y los veracruzanos, llevando la voz del pueblo a lo m\u00e1s alto de la tribuna en el Congreso de la Uni\u00f3n, considerando; \u201cque casi todo est\u00e1 en manos de todas esas almas qu\u00e9 ven con amor a perros y gatos, pero buscamos resguardar los derechos de nuestros animales en todos los estados del Pa\u00eds.\u201d, concluy\u00f3.<\/p>\n","protected":false},"excerpt":{"rendered":"<p>Se realiza Foro de Prevenci\u00f3n del Maltrato Animal. M\u00e1s del 70% de los animales de este pa\u00eds sufren maltrato. Xalapa, Ver.- Con el firme prop\u00f3sito de entablar di\u00e1logo propositivo para la creaci\u00f3n de pol\u00edticas p\u00fablicas a favor de los animales, la ma\u00f1ana de este jueves se llev\u00f3 a cabo el Primer Foro Prevenci\u00f3n del Maltrato [&hellip;]<\/p>\n","protected":false},"author":2476,"featured_media":58533,"comment_status":"open","ping_status":"open","sticky":false,"template":"","format":"standard","meta":{"_jetpack_memberships_contains_paid_content":false,"footnotes":""},"categories":[2],"tags":[],"class_list":["post-58532","post","type-post","status-publish","format-standard","has-post-thumbnail","hentry","category-estado"],"jetpack_featured_media_url":"https:\/\/encuentroinformativo.com.mx\/wp-content\/uploads\/2024\/09\/IMG-20240912-WA01192-scaled.jpg","jetpack_sharing_enabled":true,"jetpack_likes_enabled":true,"amp_enabled":true,"_links":{"self":[{"href":"https:\/\/encuentroinformativo.com.mx\/index.php?rest_route=\/wp\/v2\/posts\/58532","targetHints":{"allow":["GET"]}}],"collection":[{"href":"https:\/\/encuentroinformativo.com.mx\/index.php?rest_route=\/wp\/v2\/posts"}],"about":[{"href":"https:\/\/encuentroinformativo.com.mx\/index.php?rest_route=\/wp\/v2\/types\/post"}],"author":[{"embeddable":true,"href":"https:\/\/encuentroinformativo.com.mx\/index.php?rest_route=\/wp\/v2\/users\/2476"}],"replies":[{"embeddable":true,"href":"https:\/\/encuentroinformativo.com.mx\/index.php?rest_route=%2Fwp%2Fv2%2Fcomments&post=58532"}],"version-history":[{"count":1,"href":"https:\/\/encuentroinformativo.com.mx\/index.php?rest_route=\/wp\/v2\/posts\/58532\/revisions"}],"predecessor-version":[{"id":58534,"href":"https:\/\/encuentroinformativo.com.mx\/index.php?rest_route=\/wp\/v2\/posts\/58532\/revisions\/58534"}],"wp:featuredmedia":[{"embeddable":true,"href":"https:\/\/encuentroinformativo.com.mx\/index.php?rest_route=\/wp\/v2\/media\/58533"}],"wp:attachment":[{"href":"https:\/\/encuentroinformativo.com.mx\/index.php?rest_route=%2Fwp%2Fv2%2Fmedia&parent=58532"}],"wp:term":[{"taxonomy":"category","embeddable":true,"href":"https:\/\/encuentroinformativo.com.mx\/index.php?rest_route=%2Fwp%2Fv2%2Fcategories&post=58532"},{"taxonomy":"post_tag","embeddable":true,"href":"https:\/\/encuentroinformativo.com.mx\/index.php?rest_route=%2Fwp%2Fv2%2Ftags&post=58532"}],"curies":[{"name":"wp","href":"https:\/\/api.w.org\/{rel}","templated":true}]}}