{"id":58538,"date":"2024-09-12T18:09:11","date_gmt":"2024-09-13T00:09:11","guid":{"rendered":"https:\/\/encuentroinformativo.com.mx\/?p=58538"},"modified":"2024-09-12T18:09:16","modified_gmt":"2024-09-13T00:09:16","slug":"refuerza-veracruz-profesionalizacion-de-cuerpos-de-seguridad-mediante-cursos-de-actualizacion","status":"publish","type":"post","link":"https:\/\/encuentroinformativo.com.mx\/?p=58538","title":{"rendered":"Refuerza Veracruz profesionalizaci\u00f3n de cuerpos de seguridad mediante cursos de actualizaci\u00f3n"},"content":{"rendered":"\n<p>Xalapa, Ver.- Un total de 48 elementos provenientes de diversas instituciones de seguridad p\u00fablica de todo el pa\u00eds iniciaron un curso especializado dirigido a la formaci\u00f3n de instructores evaluadores en competencias b\u00e1sicas de la funci\u00f3n del polic\u00eda preventivo.<\/p>\n\n\n\n<p>Organizado por la Secretar\u00eda de Seguridad P\u00fablica a trav\u00e9s del Centro de Estudios e Investigaci\u00f3n en Seguridad, tendr\u00e1 una duraci\u00f3n de una semana en donde nueve mujeres y 39 hombres recibir\u00e1n capacitaci\u00f3n en \u00e1reas clave para el desempe\u00f1o de sus funciones.<\/p>\n\n\n\n<p>Entre los temas a abordar se encuentra la clasificaci\u00f3n de cualidades f\u00edsicas y la importancia de la actividad f\u00edsica para la salud y el rendimiento profesional. Adem\u00e1s, se les instruir\u00e1 en la correcta fundamentaci\u00f3n legal del uso leg\u00edtimo de la fuerza y la legalidad de las detenciones, as\u00ed como en la ejecuci\u00f3n de t\u00e9cnicas de control que eviten el uso excesivo de la fuerza.<\/p>\n\n\n\n<p>Los participantes del curso provienen de diferentes estados: tres elementos de la Polic\u00eda del Estado de Oaxaca, quince de Quintana Roo, uno de Tabasco, diez de Yucat\u00e1n, y diecis\u00e9is de Veracruz. De estos \u00faltimos, tres pertenecen a la Polic\u00eda de Orizaba, once al Centro de Estudios e Investigaci\u00f3n en Seguridad, y dos a la Academia Regional de Seguridad P\u00fablica del Sureste.<\/p>\n\n\n\n<p>La evaluaci\u00f3n final pondr\u00e1 a prueba los conocimientos y habilidades adquiridos por los aspirantes en siete competencias b\u00e1sicas: habilidades del docente, acondicionamiento f\u00edsico, uso leg\u00edtimo de la fuerza, detenci\u00f3n y conducci\u00f3n de personas, manejo del bast\u00f3n PR-24, operaci\u00f3n de equipos de radiocomunicaci\u00f3n, armamento y tiro policial, y conducci\u00f3n de veh\u00edculos policiales. Estas evaluaciones estar\u00e1n a cargo de personal certificado, garantizando as\u00ed un proceso riguroso y de alta calidad.<\/p>\n\n\n\n<p>Este esfuerzo reafirma el compromiso del Gobierno de Veracruz con la profesionalizaci\u00f3n de los cuerpos de seguridad, priorizando la formaci\u00f3n integral y el desarrollo de habilidades cr\u00edticas para el servicio p\u00fablico.<\/p>\n","protected":false},"excerpt":{"rendered":"<p>Xalapa, Ver.- Un total de 48 elementos provenientes de diversas instituciones de seguridad p\u00fablica de todo el pa\u00eds iniciaron un curso especializado dirigido a la formaci\u00f3n de instructores evaluadores en competencias b\u00e1sicas de la funci\u00f3n del polic\u00eda preventivo. Organizado por la Secretar\u00eda de Seguridad P\u00fablica a trav\u00e9s del Centro de Estudios e Investigaci\u00f3n en Seguridad, [&hellip;]<\/p>\n","protected":false},"author":2476,"featured_media":58539,"comment_status":"open","ping_status":"open","sticky":false,"template":"","format":"standard","meta":{"_jetpack_memberships_contains_paid_content":false,"footnotes":""},"categories":[2],"tags":[],"class_list":["post-58538","post","type-post","status-publish","format-standard","has-post-thumbnail","hentry","category-estado"],"jetpack_featured_media_url":"https:\/\/encuentroinformativo.com.mx\/wp-content\/uploads\/2024\/09\/IMG-20240912-WA0132.jpg","jetpack_sharing_enabled":true,"jetpack_likes_enabled":true,"amp_enabled":true,"_links":{"self":[{"href":"https:\/\/encuentroinformativo.com.mx\/index.php?rest_route=\/wp\/v2\/posts\/58538","targetHints":{"allow":["GET"]}}],"collection":[{"href":"https:\/\/encuentroinformativo.com.mx\/index.php?rest_route=\/wp\/v2\/posts"}],"about":[{"href":"https:\/\/encuentroinformativo.com.mx\/index.php?rest_route=\/wp\/v2\/types\/post"}],"author":[{"embeddable":true,"href":"https:\/\/encuentroinformativo.com.mx\/index.php?rest_route=\/wp\/v2\/users\/2476"}],"replies":[{"embeddable":true,"href":"https:\/\/encuentroinformativo.com.mx\/index.php?rest_route=%2Fwp%2Fv2%2Fcomments&post=58538"}],"version-history":[{"count":1,"href":"https:\/\/encuentroinformativo.com.mx\/index.php?rest_route=\/wp\/v2\/posts\/58538\/revisions"}],"predecessor-version":[{"id":58540,"href":"https:\/\/encuentroinformativo.com.mx\/index.php?rest_route=\/wp\/v2\/posts\/58538\/revisions\/58540"}],"wp:featuredmedia":[{"embeddable":true,"href":"https:\/\/encuentroinformativo.com.mx\/index.php?rest_route=\/wp\/v2\/media\/58539"}],"wp:attachment":[{"href":"https:\/\/encuentroinformativo.com.mx\/index.php?rest_route=%2Fwp%2Fv2%2Fmedia&parent=58538"}],"wp:term":[{"taxonomy":"category","embeddable":true,"href":"https:\/\/encuentroinformativo.com.mx\/index.php?rest_route=%2Fwp%2Fv2%2Fcategories&post=58538"},{"taxonomy":"post_tag","embeddable":true,"href":"https:\/\/encuentroinformativo.com.mx\/index.php?rest_route=%2Fwp%2Fv2%2Ftags&post=58538"}],"curies":[{"name":"wp","href":"https:\/\/api.w.org\/{rel}","templated":true}]}}