{"id":58551,"date":"2024-09-13T12:44:38","date_gmt":"2024-09-13T18:44:38","guid":{"rendered":"https:\/\/encuentroinformativo.com.mx\/?p=58551"},"modified":"2024-09-13T12:44:43","modified_gmt":"2024-09-13T18:44:43","slug":"ximena-sarinana-se-presentara-coca-cola-food-fest-en-veracruz","status":"publish","type":"post","link":"https:\/\/encuentroinformativo.com.mx\/?p=58551","title":{"rendered":"Ximena Sari\u00f1ana se presentar\u00e1 &#8220;Coca Cola Food Fest&#8221; en Veracruz"},"content":{"rendered":"\n<p><strong>Alejandro \u00c1vila<\/strong><\/p>\n\n\n\n<p>Boca del R\u00edo, Ver.- Durante el segundo semestre de este 2024 en toda la Rep\u00fablica Mexicana se ha realizado el &#8220;Coca Cola Food Fest&#8221;, en Veracruz le toca el turno el pr\u00f3ximo 21 de septiembre.<\/p>\n\n\n\n<p>El evento qu\u00e9 deriva de una experiencia gastron\u00f3mica, cultural y art\u00edstica, tendr\u00e1 la presencia de R\u00edo Roma, Ximena Sari\u00f1ana y Kaia Lana, los cuales deleitar\u00e1n al p\u00fablico asistente con sus m\u00e1s grandes \u00e9xitos.<\/p>\n\n\n\n<p>Las entradas se pueden adquirir a trav\u00e9s de la empresa Boletia, o bien se podr\u00e1n ganar pases gratuitos a trav\u00e9s de la p\u00e1gina oficial de la marca refresquera; se estima que el evento comienza alrededor de las 2 de la tarde en el parque de b\u00e9isbol &#8220;Beto \u00c1vila&#8221; del municipio de Boca del R\u00edo.<\/p>\n\n\n\n<p>Este nuevo festival gastron\u00f3mico &#8211; musical ha deleitado a millones de mexicanos durante el 2024, y por primera ocasi\u00f3n llega a Veracruz con la esperanza de consolidarse a\u00f1o con a\u00f1o en una de las plazas m\u00e1s importantes post pandemia.<\/p>\n","protected":false},"excerpt":{"rendered":"<p>Alejandro \u00c1vila Boca del R\u00edo, Ver.- Durante el segundo semestre de este 2024 en toda la Rep\u00fablica Mexicana se ha realizado el &#8220;Coca Cola Food Fest&#8221;, en Veracruz le toca el turno el pr\u00f3ximo 21 de septiembre. El evento qu\u00e9 deriva de una experiencia gastron\u00f3mica, cultural y art\u00edstica, tendr\u00e1 la presencia de R\u00edo Roma, Ximena [&hellip;]<\/p>\n","protected":false},"author":2476,"featured_media":58552,"comment_status":"open","ping_status":"open","sticky":false,"template":"","format":"standard","meta":{"_jetpack_memberships_contains_paid_content":false,"footnotes":""},"categories":[2],"tags":[],"class_list":["post-58551","post","type-post","status-publish","format-standard","has-post-thumbnail","hentry","category-estado"],"jetpack_featured_media_url":"https:\/\/encuentroinformativo.com.mx\/wp-content\/uploads\/2024\/09\/IMG-20240913-WA0025.jpg","jetpack_sharing_enabled":true,"jetpack_likes_enabled":true,"amp_enabled":true,"_links":{"self":[{"href":"https:\/\/encuentroinformativo.com.mx\/index.php?rest_route=\/wp\/v2\/posts\/58551","targetHints":{"allow":["GET"]}}],"collection":[{"href":"https:\/\/encuentroinformativo.com.mx\/index.php?rest_route=\/wp\/v2\/posts"}],"about":[{"href":"https:\/\/encuentroinformativo.com.mx\/index.php?rest_route=\/wp\/v2\/types\/post"}],"author":[{"embeddable":true,"href":"https:\/\/encuentroinformativo.com.mx\/index.php?rest_route=\/wp\/v2\/users\/2476"}],"replies":[{"embeddable":true,"href":"https:\/\/encuentroinformativo.com.mx\/index.php?rest_route=%2Fwp%2Fv2%2Fcomments&post=58551"}],"version-history":[{"count":1,"href":"https:\/\/encuentroinformativo.com.mx\/index.php?rest_route=\/wp\/v2\/posts\/58551\/revisions"}],"predecessor-version":[{"id":58553,"href":"https:\/\/encuentroinformativo.com.mx\/index.php?rest_route=\/wp\/v2\/posts\/58551\/revisions\/58553"}],"wp:featuredmedia":[{"embeddable":true,"href":"https:\/\/encuentroinformativo.com.mx\/index.php?rest_route=\/wp\/v2\/media\/58552"}],"wp:attachment":[{"href":"https:\/\/encuentroinformativo.com.mx\/index.php?rest_route=%2Fwp%2Fv2%2Fmedia&parent=58551"}],"wp:term":[{"taxonomy":"category","embeddable":true,"href":"https:\/\/encuentroinformativo.com.mx\/index.php?rest_route=%2Fwp%2Fv2%2Fcategories&post=58551"},{"taxonomy":"post_tag","embeddable":true,"href":"https:\/\/encuentroinformativo.com.mx\/index.php?rest_route=%2Fwp%2Fv2%2Ftags&post=58551"}],"curies":[{"name":"wp","href":"https:\/\/api.w.org\/{rel}","templated":true}]}}