{"id":58560,"date":"2024-09-13T12:57:18","date_gmt":"2024-09-13T18:57:18","guid":{"rendered":"https:\/\/encuentroinformativo.com.mx\/?p=58560"},"modified":"2024-09-13T12:57:23","modified_gmt":"2024-09-13T18:57:23","slug":"mujeres-encabezan-lista-para-alternancia-de-genero-en-plurinominales-que-ordeno-tribunal-electoral","status":"publish","type":"post","link":"https:\/\/encuentroinformativo.com.mx\/?p=58560","title":{"rendered":"Mujeres encabezan lista para alternancia de g\u00e9nero en plurinominales que orden\u00f3 Tribunal Electoral"},"content":{"rendered":"\n<p><strong>Alejandro \u00c1vila<\/strong><\/p>\n\n\n\n<p>Veracruz, Ver.- La LXVII Legislatura del Congreso Local de Veracruz tendr\u00e1 representaci\u00f3n proporcional encabezada por mujeres; as\u00ed lo orden\u00f3 la Sala Superior del Tribunal Electoral del Poder Judicial de la Federaci\u00f3n.<\/p>\n\n\n\n<p>En resoluci\u00f3n, la Sala Superior orden\u00f3 al Organismo P\u00fablico Local Electoral (OPLE) aplicar a partir del presente proceso electoral, la alternancia de g\u00e9nero por periodo electivo en la asignaci\u00f3n de diputaciones por representaci\u00f3n proporcional; por lo que el OPLE tendr\u00e1 que revisar y tomar en cuenta que g\u00e9nero encabezaron las candidaturas plurinominales en el proceso local anterior.<\/p>\n\n\n\n<p>Con esto se obliga a los partidos pol\u00edticos a cumplir con la paridad de g\u00e9nero, al asignar a una mujer el primer lugar de la lista y que esto se respete por periodo electivo, tal y como se tiene previsto en la Legislaci\u00f3n.<\/p>\n\n\n\n<p>En otras palabras, la Sala Superior exhorta a formalizar la paridad y equidad de g\u00e9nero, al alternar la asignaci\u00f3n de la lista de candidatos a diputados plurinominales entregada por los partidos pol\u00edticos, es decir, en el caso que, en el proceso anterior, dichas listas fueron encabezadas por hombres, en este proceso electoral tendr\u00e1n que ser encabezadas por mujeres y viceversa.<\/p>\n\n\n\n<p>La resoluci\u00f3n testifica que la igualdad requiere de la implementaci\u00f3n de acciones que aumenten la presencia de mujeres en espacios de representaci\u00f3n popular y toma de decisiones p\u00fablicas, transformando as\u00ed la agenda pol\u00edtica.<\/p>\n\n\n\n<p>Lo anterior, da un logro m\u00e1s a las mujeres veracruzanas a la alternancia definitiva en cualquier proceso electoral, en un a\u00f1o que ha sido importante para M\u00e9xico y Veracruz, pues por primera vez en la historia tendr\u00e1 una presidenta y gobernadora respectivamente.<\/p>\n\n\n\n<p>La Sala Regional determin\u00f3 tomar en cuenta el criterio sostenido por la Suprema Corte de Justicia de la Naci\u00f3n en la acci\u00f3n de inconstitucionalidad 140\/2020 y su acumulada, as\u00ed como el emitido por esta Sala Superior en los expedientes SUP-OP-18\/2023, SUP-JDC-97\/2021 y SUP-REC-14\/2023 y acumulados.<\/p>\n\n\n\n<p>Dicha resoluci\u00f3n de la Sala Regional, es un logro hist\u00f3rico en \u201ctiempo de mujeres\u201d en el que la paridad ser\u00e1 por la v\u00eda legal.<\/p>\n","protected":false},"excerpt":{"rendered":"<p>Alejandro \u00c1vila Veracruz, Ver.- La LXVII Legislatura del Congreso Local de Veracruz tendr\u00e1 representaci\u00f3n proporcional encabezada por mujeres; as\u00ed lo orden\u00f3 la Sala Superior del Tribunal Electoral del Poder Judicial de la Federaci\u00f3n. En resoluci\u00f3n, la Sala Superior orden\u00f3 al Organismo P\u00fablico Local Electoral (OPLE) aplicar a partir del presente proceso electoral, la alternancia de [&hellip;]<\/p>\n","protected":false},"author":2476,"featured_media":58561,"comment_status":"open","ping_status":"open","sticky":false,"template":"","format":"standard","meta":{"_jetpack_memberships_contains_paid_content":false,"footnotes":""},"categories":[2],"tags":[],"class_list":["post-58560","post","type-post","status-publish","format-standard","has-post-thumbnail","hentry","category-estado"],"jetpack_featured_media_url":"https:\/\/encuentroinformativo.com.mx\/wp-content\/uploads\/2024\/09\/IMG-20240913-WA0029.jpg","jetpack_sharing_enabled":true,"jetpack_likes_enabled":true,"amp_enabled":true,"_links":{"self":[{"href":"https:\/\/encuentroinformativo.com.mx\/index.php?rest_route=\/wp\/v2\/posts\/58560","targetHints":{"allow":["GET"]}}],"collection":[{"href":"https:\/\/encuentroinformativo.com.mx\/index.php?rest_route=\/wp\/v2\/posts"}],"about":[{"href":"https:\/\/encuentroinformativo.com.mx\/index.php?rest_route=\/wp\/v2\/types\/post"}],"author":[{"embeddable":true,"href":"https:\/\/encuentroinformativo.com.mx\/index.php?rest_route=\/wp\/v2\/users\/2476"}],"replies":[{"embeddable":true,"href":"https:\/\/encuentroinformativo.com.mx\/index.php?rest_route=%2Fwp%2Fv2%2Fcomments&post=58560"}],"version-history":[{"count":1,"href":"https:\/\/encuentroinformativo.com.mx\/index.php?rest_route=\/wp\/v2\/posts\/58560\/revisions"}],"predecessor-version":[{"id":58562,"href":"https:\/\/encuentroinformativo.com.mx\/index.php?rest_route=\/wp\/v2\/posts\/58560\/revisions\/58562"}],"wp:featuredmedia":[{"embeddable":true,"href":"https:\/\/encuentroinformativo.com.mx\/index.php?rest_route=\/wp\/v2\/media\/58561"}],"wp:attachment":[{"href":"https:\/\/encuentroinformativo.com.mx\/index.php?rest_route=%2Fwp%2Fv2%2Fmedia&parent=58560"}],"wp:term":[{"taxonomy":"category","embeddable":true,"href":"https:\/\/encuentroinformativo.com.mx\/index.php?rest_route=%2Fwp%2Fv2%2Fcategories&post=58560"},{"taxonomy":"post_tag","embeddable":true,"href":"https:\/\/encuentroinformativo.com.mx\/index.php?rest_route=%2Fwp%2Fv2%2Ftags&post=58560"}],"curies":[{"name":"wp","href":"https:\/\/api.w.org\/{rel}","templated":true}]}}