{"id":58563,"date":"2024-09-13T13:50:56","date_gmt":"2024-09-13T19:50:56","guid":{"rendered":"https:\/\/encuentroinformativo.com.mx\/?p=58563"},"modified":"2024-09-13T13:51:02","modified_gmt":"2024-09-13T19:51:02","slug":"piden-acciones-viales-para-personas-con-discapacidad","status":"publish","type":"post","link":"https:\/\/encuentroinformativo.com.mx\/?p=58563","title":{"rendered":"Piden acciones viales para personas con discapacidad"},"content":{"rendered":"\n<p><strong>Dar\u00edo Pale <\/strong><\/p>\n\n\n\n<p>Xalapa, Ver.- Pablo Orozco Montoya &#8220;El Unicornio Karateca&#8221; y la se\u00f1ora Tamara S\u00e1nchez Flores dieron a conocer que Xalapa es una ciudad muy dif\u00edcil para que las personas con alguna discapacidad puedan transitar adem\u00e1s de que no hay transporte especial para ellos principalmente en las colonias.<\/p>\n\n\n\n<p>En conferencia de prensa se\u00f1alaron que es una satisfacci\u00f3n el que los tomen en cuenta y que se realice el evento de modelaje y tomen en cuenta a personas con alguna discapacidad ya que la los grupos vulnerables tienen derecho.<\/p>\n\n\n\n<p>Tienen oportunidades de poder participar en deportes, en cultura, en empleos, por lo que este festival de Mente &#8211; Inclusiva, les dan la oportunidad de participar a ni\u00f1os, j\u00f3venes y adultos a pesar de tener una discapacidad y esto les ayuda a sensibilizar al igual que a la sociedad , que si son incluyentes \u00a0y que si pueden hacer muchas cosas.<\/p>\n\n\n\n<p>Agradeci\u00f3 la oportunidad que les dan ya que es la primera vez que participan en un evento de modelaje, y no hay ning\u00fan impedimento y eso le sirve para salir adelante y la sociedad tenga esta cultura de que los puedan apoyar ya que hay muchas cosas por hacer con las personas que tienen alguna discapacidad.<\/p>\n\n\n\n<p>Por otra parte &#8220;El Unicornio Karateca&#8221; dio a conocer que muchas veces las personas los discriminan por tener alguna discapacidad, pero a veces ellos tambi\u00e9n tienen la culpa ya que muchas veces les da pena que los vean que tienen alguna discapacidad.<\/p>\n\n\n\n<p>Coment\u00f3 que para las personas que cuentan con alguna discapacidad la capital del estado es muy dif\u00edcil de transitar por tantas subidas y bajadas, es muy complicado para que le hagan un dise\u00f1o, no es un ciudad que est\u00e1 activa para ellos.<\/p>\n\n\n\n<p>Puso como ejemplo la calle de Bravo la cual se\u00f1ala que es muy &#8220;empinada&#8221; y no se puede hacer una rampa, las banquetas est\u00e1n muy altas, &#8220;yo me he ca\u00eddo de las banquetas, luego los drenajes est\u00e1n abiertos las alcantarillas yo me he ido a las alcantarillas&#8221;.\u00a0<\/p>\n\n\n\n<p>Coment\u00f3 que lamentablemente los gobiernos no ven eso, solo el centro est\u00e1 bonito, las colonias est\u00e1n olvidadas para las personas con discapacidad que es donde viven ellos, ya que no hay veh\u00edculos para personas con discapacidad, ni rampas.<\/p>\n\n\n\n<p>Finalmente solicitaron que la sociedad sea m\u00e1s incluyente, m\u00e1s abierta y que los ayuden a difundir todos los programas y que las autoridades se fijen m\u00e1s en ellos por todas las deficiencias que tienen pero principalmente empleos ya que muy pocos son empleados ya gran mayor\u00eda est\u00e1 es sus casas.<\/p>\n","protected":false},"excerpt":{"rendered":"<p>Dar\u00edo Pale Xalapa, Ver.- Pablo Orozco Montoya &#8220;El Unicornio Karateca&#8221; y la se\u00f1ora Tamara S\u00e1nchez Flores dieron a conocer que Xalapa es una ciudad muy dif\u00edcil para que las personas con alguna discapacidad puedan transitar adem\u00e1s de que no hay transporte especial para ellos principalmente en las colonias. En conferencia de prensa se\u00f1alaron que es [&hellip;]<\/p>\n","protected":false},"author":2476,"featured_media":58564,"comment_status":"open","ping_status":"open","sticky":false,"template":"","format":"standard","meta":{"_jetpack_memberships_contains_paid_content":false,"footnotes":""},"categories":[3],"tags":[],"class_list":["post-58563","post","type-post","status-publish","format-standard","has-post-thumbnail","hentry","category-xalapa"],"jetpack_featured_media_url":"https:\/\/encuentroinformativo.com.mx\/wp-content\/uploads\/2024\/09\/IMG-20240913-WA0031.jpg","jetpack_sharing_enabled":true,"jetpack_likes_enabled":true,"amp_enabled":true,"_links":{"self":[{"href":"https:\/\/encuentroinformativo.com.mx\/index.php?rest_route=\/wp\/v2\/posts\/58563","targetHints":{"allow":["GET"]}}],"collection":[{"href":"https:\/\/encuentroinformativo.com.mx\/index.php?rest_route=\/wp\/v2\/posts"}],"about":[{"href":"https:\/\/encuentroinformativo.com.mx\/index.php?rest_route=\/wp\/v2\/types\/post"}],"author":[{"embeddable":true,"href":"https:\/\/encuentroinformativo.com.mx\/index.php?rest_route=\/wp\/v2\/users\/2476"}],"replies":[{"embeddable":true,"href":"https:\/\/encuentroinformativo.com.mx\/index.php?rest_route=%2Fwp%2Fv2%2Fcomments&post=58563"}],"version-history":[{"count":1,"href":"https:\/\/encuentroinformativo.com.mx\/index.php?rest_route=\/wp\/v2\/posts\/58563\/revisions"}],"predecessor-version":[{"id":58565,"href":"https:\/\/encuentroinformativo.com.mx\/index.php?rest_route=\/wp\/v2\/posts\/58563\/revisions\/58565"}],"wp:featuredmedia":[{"embeddable":true,"href":"https:\/\/encuentroinformativo.com.mx\/index.php?rest_route=\/wp\/v2\/media\/58564"}],"wp:attachment":[{"href":"https:\/\/encuentroinformativo.com.mx\/index.php?rest_route=%2Fwp%2Fv2%2Fmedia&parent=58563"}],"wp:term":[{"taxonomy":"category","embeddable":true,"href":"https:\/\/encuentroinformativo.com.mx\/index.php?rest_route=%2Fwp%2Fv2%2Fcategories&post=58563"},{"taxonomy":"post_tag","embeddable":true,"href":"https:\/\/encuentroinformativo.com.mx\/index.php?rest_route=%2Fwp%2Fv2%2Ftags&post=58563"}],"curies":[{"name":"wp","href":"https:\/\/api.w.org\/{rel}","templated":true}]}}