{"id":58569,"date":"2024-09-13T17:08:56","date_gmt":"2024-09-13T23:08:56","guid":{"rendered":"https:\/\/encuentroinformativo.com.mx\/?p=58569"},"modified":"2024-09-13T17:09:02","modified_gmt":"2024-09-13T23:09:02","slug":"por-pronostico-de-lluvias-exhorta-pc-para-mantenerse-alerta","status":"publish","type":"post","link":"https:\/\/encuentroinformativo.com.mx\/?p=58569","title":{"rendered":"Por pron\u00f3stico de lluvias, exhorta PC para mantenerse alerta"},"content":{"rendered":"\n<p><strong>Dar\u00edo Pale <\/strong><\/p>\n\n\n\n<p>Xalapa, Ver.- La titular de la Secretar\u00eda de Protecci\u00f3n Civil (SPC) del Estado Guadalupe Osorno Maldonado dio a conocer que en Xalapa se podr\u00edan presentar algunas lluvias por la tarde el fin de semana para las fiestas patrias, pero no se esperan lluvias importantes en los dem\u00e1s municipios.<\/p>\n\n\n\n<p>Entrevistada en el 63 batall\u00f3n de infanter\u00eda destac\u00f3 que la mayor\u00eda de las afectaciones se dan por inundaciones urbanas que tienen que ver con un mal manejo de residuos s\u00f3lidos.\u00a0<\/p>\n\n\n\n<p>&#8220;Pedirle a la gente que no bajemos la guardia, que limpiemos las canaletas, que tengamos buen manejo de basura, o sea que se saquen los momentos en que se tiene que sacar, que no se deje afuera durante muchas horas, porque todo eso que se queda en la calle va a terminar algo en alcantarilla cuando llueve, y entonces eso es lo que m\u00e1s inundaciones nos provoca, al menos a nivel de ciudades\u201d.<\/p>\n\n\n\n<p>En cuanto al clima para el grito de independencia dijo que, \u201cesperamos que todos los eventos patrios ocurran de manera muy tranquila. S\u00ed podr\u00eda haber algunas lluvias, particularmente en la ciudad de Xalapa por la tarde, pero esperamos que mejoren las condiciones para la noche\u201d.<\/p>\n\n\n\n<p>No obstante record\u00f3 que est\u00e1 presente la temporada de lluvias y se pueden presentar todos los d\u00edas en alg\u00fan punto de la entidad y sobre las afectaciones que se han registrado por las precipitaciones que se han registrado en las \u00faltimas semanas.<\/p>\n\n\n\n<p>Dijo que principalmente ha sido en la zona sur, donde se atendi\u00f3 a la poblaci\u00f3n en coordinaci\u00f3n con el Sistema Estatal para el Desarrollo Integral de la Familia (DIF) y con insumos de la dependencia a su cargo.\u00a0<\/p>\n\n\n\n<p>Por \u00faltimo coment\u00f3 que &#8220;se atendi\u00f3 de manera coordinada con DIF Estatal y con los insumos de la Secretar\u00eda para poder apoyar a las personas que sufrieron afectaciones, principalmente en el municipio de Aguadulce, y hemos tenido algunas afectaciones tambi\u00e9n en Altas Monta\u00f1as, en C\u00f3rdoba, ocho viviendas, y Orizaba\u201d.<\/p>\n","protected":false},"excerpt":{"rendered":"<p>Dar\u00edo Pale Xalapa, Ver.- La titular de la Secretar\u00eda de Protecci\u00f3n Civil (SPC) del Estado Guadalupe Osorno Maldonado dio a conocer que en Xalapa se podr\u00edan presentar algunas lluvias por la tarde el fin de semana para las fiestas patrias, pero no se esperan lluvias importantes en los dem\u00e1s municipios. Entrevistada en el 63 batall\u00f3n [&hellip;]<\/p>\n","protected":false},"author":2476,"featured_media":58570,"comment_status":"open","ping_status":"open","sticky":false,"template":"","format":"standard","meta":{"_jetpack_memberships_contains_paid_content":false,"footnotes":""},"categories":[2],"tags":[],"class_list":["post-58569","post","type-post","status-publish","format-standard","has-post-thumbnail","hentry","category-estado"],"jetpack_featured_media_url":"https:\/\/encuentroinformativo.com.mx\/wp-content\/uploads\/2024\/09\/IMG-20240913-WA0060.jpg","jetpack_sharing_enabled":true,"jetpack_likes_enabled":true,"amp_enabled":true,"_links":{"self":[{"href":"https:\/\/encuentroinformativo.com.mx\/index.php?rest_route=\/wp\/v2\/posts\/58569","targetHints":{"allow":["GET"]}}],"collection":[{"href":"https:\/\/encuentroinformativo.com.mx\/index.php?rest_route=\/wp\/v2\/posts"}],"about":[{"href":"https:\/\/encuentroinformativo.com.mx\/index.php?rest_route=\/wp\/v2\/types\/post"}],"author":[{"embeddable":true,"href":"https:\/\/encuentroinformativo.com.mx\/index.php?rest_route=\/wp\/v2\/users\/2476"}],"replies":[{"embeddable":true,"href":"https:\/\/encuentroinformativo.com.mx\/index.php?rest_route=%2Fwp%2Fv2%2Fcomments&post=58569"}],"version-history":[{"count":1,"href":"https:\/\/encuentroinformativo.com.mx\/index.php?rest_route=\/wp\/v2\/posts\/58569\/revisions"}],"predecessor-version":[{"id":58571,"href":"https:\/\/encuentroinformativo.com.mx\/index.php?rest_route=\/wp\/v2\/posts\/58569\/revisions\/58571"}],"wp:featuredmedia":[{"embeddable":true,"href":"https:\/\/encuentroinformativo.com.mx\/index.php?rest_route=\/wp\/v2\/media\/58570"}],"wp:attachment":[{"href":"https:\/\/encuentroinformativo.com.mx\/index.php?rest_route=%2Fwp%2Fv2%2Fmedia&parent=58569"}],"wp:term":[{"taxonomy":"category","embeddable":true,"href":"https:\/\/encuentroinformativo.com.mx\/index.php?rest_route=%2Fwp%2Fv2%2Fcategories&post=58569"},{"taxonomy":"post_tag","embeddable":true,"href":"https:\/\/encuentroinformativo.com.mx\/index.php?rest_route=%2Fwp%2Fv2%2Ftags&post=58569"}],"curies":[{"name":"wp","href":"https:\/\/api.w.org\/{rel}","templated":true}]}}