{"id":58572,"date":"2024-09-13T18:59:10","date_gmt":"2024-09-14T00:59:10","guid":{"rendered":"https:\/\/encuentroinformativo.com.mx\/?p=58572"},"modified":"2024-09-13T18:59:16","modified_gmt":"2024-09-14T00:59:16","slug":"realiza-ceprevide-1er-foro-de-prevencion-del-maltrato-animal-para-prevenir-el-delito","status":"publish","type":"post","link":"https:\/\/encuentroinformativo.com.mx\/?p=58572","title":{"rendered":"Realiza CEPREVIDE 1er Foro de Prevenci\u00f3n del Maltrato Animal para prevenir el delito"},"content":{"rendered":"\n<p>Xalapa, Ver.- La Secretar\u00eda Ejecutiva del Sistema y del Consejo Estatal de Seguridad P\u00fablica a trav\u00e9s de su Centro Estatal de Prevenci\u00f3n Social de la Violencia y la Delincuencia, con Participaci\u00f3n Ciudadana, en coordinaci\u00f3n con la Secretar\u00eda del Medio Ambiente y la Universidad Veracruzana, realizan el 1er Foro Prevenci\u00f3n del Maltrato Animal como Estrategia de Prevenci\u00f3n del Delito.<\/p>\n\n\n\n<p>Debido a esto es que la SESCESP, por medio del CEPREVIDE, promueve acciones para trabajar y generar conciencia en las personas sobre el respeto y el trato adecuado hacia los animales, mediante charlas en escuelas y ferias de prevenci\u00f3n.<\/p>\n\n\n\n<p>A esto se suma la presentaci\u00f3n del Dec\u00e1logo de Acciones para la Atenci\u00f3n del Maltrato Animal como Estrategia de Prevenci\u00f3n del Delito por parte de la Mtra. Rosaura Rojano Osorio, adem\u00e1s se ofrecieron las ponencias del conferencista, Dr. Rodrigo Ram\u00edrez Rodr\u00edguez, Investigador Postdoctoral CONAHCYT y el Dr. Javier Figueroa Castellanos del Instituto de Estudios Criminol\u00f3gicos Transdisciplinarios.<\/p>\n\n\n\n<p>El foro fue amenizado por con la propuesta art\u00edstica de la compa\u00f1\u00eda \u201cEse Perro Est\u00e1 Enroscado\u201d, y la presentaci\u00f3n del coro de la Telesecundaria Jaime Torres Bodet.<\/p>\n\n\n\n<p>Se abri\u00f3 una mesa de di\u00e1logo conformada por la moderadora, Mtra. Lourdes Jim\u00e9nez Mora de la Universidad Veracruzana; el Dr. Javier Figueroa Castellanos, del Instituto de Estudios Criminol\u00f3gicos Transdisciplinarios; Dr. Rodrigo Ram\u00edrez Rodr\u00edguez Investigador Postdoctoral CONAHCYT; Cmte. Luis Urdanibia Amador, jefe de Unidad de la Brigada de Vigilancia Animal; Pol. 2do. Esteban Eduardo Hern\u00e1ndez Rivera, comandante de la Unidad Canina de la Direcci\u00f3n de Proximidad y Apoyo Ciudadano y el Lic. Erick Rivera S\u00e1nchez, Fiscal Cuarto Adscrito a la Fiscal\u00eda de Investigaciones Ministeriales y Comisionado a la Fiscal\u00eda Especializada para la atenci\u00f3n de Delitos Ambientales y contra los Animales.<\/p>\n\n\n\n<p>Este foro tiene el prop\u00f3sito de que la sociedad reconozca y act\u00fae contra todas las formas de crueldad hacia los animales. Esta no solo implica la creaci\u00f3n y aplicaci\u00f3n de leyes m\u00e1s severas contra el maltrato, sino tambi\u00e9n un esfuerzo continuo por educar a la poblaci\u00f3n sobre la importancia del bienestar animal. Fomentar una cultura de respeto hacia los derechos de los animales es un paso crucial para erradicar estas pr\u00e1cticas y construir una sociedad m\u00e1s justa y compasiva.<\/p>\n\n\n\n<p>En el evento se cont\u00f3 con la presencia del diputado al Eleazar Guerrero P\u00e9rez; del Ing. Carlos Contreras Bautista secretario de la SEDEMA, as\u00ed como con la participaci\u00f3n de la Ing. Andrea Karolina Hern\u00e1ndez Gin\u00e9s, subsecretar\u00eda de Cambio Clim\u00e1tico y Gesti\u00f3n Ambiental de la Secretar\u00eda de Medio Ambiente, en representaci\u00f3n del Ing. Juan Carlos Contreras Bautista, secretario de Medio Ambiente; del Mtro. Roberto Aguirre Guiochin, encargado de la Direcci\u00f3n General de Difusi\u00f3n Cultural de la Universidad Veracruzana.<\/p>\n\n\n\n<figure class=\"wp-block-image size-large\"><img loading=\"lazy\" decoding=\"async\" width=\"1024\" height=\"682\" src=\"https:\/\/encuentroinformativo.com.mx\/wp-content\/uploads\/2024\/09\/1000385229-1024x682.jpg\" alt=\"\" class=\"wp-image-58574\" srcset=\"https:\/\/encuentroinformativo.com.mx\/wp-content\/uploads\/2024\/09\/1000385229-1024x682.jpg 1024w, https:\/\/encuentroinformativo.com.mx\/wp-content\/uploads\/2024\/09\/1000385229-300x200.jpg 300w, https:\/\/encuentroinformativo.com.mx\/wp-content\/uploads\/2024\/09\/1000385229-768x512.jpg 768w, https:\/\/encuentroinformativo.com.mx\/wp-content\/uploads\/2024\/09\/1000385229-1536x1023.jpg 1536w, https:\/\/encuentroinformativo.com.mx\/wp-content\/uploads\/2024\/09\/1000385229.jpg 1600w\" sizes=\"auto, (max-width: 1024px) 100vw, 1024px\" \/><\/figure>\n","protected":false},"excerpt":{"rendered":"<p>Xalapa, Ver.- La Secretar\u00eda Ejecutiva del Sistema y del Consejo Estatal de Seguridad P\u00fablica a trav\u00e9s de su Centro Estatal de Prevenci\u00f3n Social de la Violencia y la Delincuencia, con Participaci\u00f3n Ciudadana, en coordinaci\u00f3n con la Secretar\u00eda del Medio Ambiente y la Universidad Veracruzana, realizan el 1er Foro Prevenci\u00f3n del Maltrato Animal como Estrategia de [&hellip;]<\/p>\n","protected":false},"author":2476,"featured_media":58573,"comment_status":"open","ping_status":"open","sticky":false,"template":"","format":"standard","meta":{"_jetpack_memberships_contains_paid_content":false,"footnotes":""},"categories":[2],"tags":[],"class_list":["post-58572","post","type-post","status-publish","format-standard","has-post-thumbnail","hentry","category-estado"],"jetpack_featured_media_url":"https:\/\/encuentroinformativo.com.mx\/wp-content\/uploads\/2024\/09\/IMG-20240913-WA0036.jpg","jetpack_sharing_enabled":true,"jetpack_likes_enabled":true,"amp_enabled":true,"_links":{"self":[{"href":"https:\/\/encuentroinformativo.com.mx\/index.php?rest_route=\/wp\/v2\/posts\/58572","targetHints":{"allow":["GET"]}}],"collection":[{"href":"https:\/\/encuentroinformativo.com.mx\/index.php?rest_route=\/wp\/v2\/posts"}],"about":[{"href":"https:\/\/encuentroinformativo.com.mx\/index.php?rest_route=\/wp\/v2\/types\/post"}],"author":[{"embeddable":true,"href":"https:\/\/encuentroinformativo.com.mx\/index.php?rest_route=\/wp\/v2\/users\/2476"}],"replies":[{"embeddable":true,"href":"https:\/\/encuentroinformativo.com.mx\/index.php?rest_route=%2Fwp%2Fv2%2Fcomments&post=58572"}],"version-history":[{"count":1,"href":"https:\/\/encuentroinformativo.com.mx\/index.php?rest_route=\/wp\/v2\/posts\/58572\/revisions"}],"predecessor-version":[{"id":58575,"href":"https:\/\/encuentroinformativo.com.mx\/index.php?rest_route=\/wp\/v2\/posts\/58572\/revisions\/58575"}],"wp:featuredmedia":[{"embeddable":true,"href":"https:\/\/encuentroinformativo.com.mx\/index.php?rest_route=\/wp\/v2\/media\/58573"}],"wp:attachment":[{"href":"https:\/\/encuentroinformativo.com.mx\/index.php?rest_route=%2Fwp%2Fv2%2Fmedia&parent=58572"}],"wp:term":[{"taxonomy":"category","embeddable":true,"href":"https:\/\/encuentroinformativo.com.mx\/index.php?rest_route=%2Fwp%2Fv2%2Fcategories&post=58572"},{"taxonomy":"post_tag","embeddable":true,"href":"https:\/\/encuentroinformativo.com.mx\/index.php?rest_route=%2Fwp%2Fv2%2Ftags&post=58572"}],"curies":[{"name":"wp","href":"https:\/\/api.w.org\/{rel}","templated":true}]}}