{"id":58582,"date":"2024-09-14T11:42:57","date_gmt":"2024-09-14T17:42:57","guid":{"rendered":"https:\/\/encuentroinformativo.com.mx\/?p=58582"},"modified":"2024-09-14T11:43:02","modified_gmt":"2024-09-14T17:43:02","slug":"desmantela-ssp-banda-dedicada-al-robo-de-transporte-en-veracruz","status":"publish","type":"post","link":"https:\/\/encuentroinformativo.com.mx\/?p=58582","title":{"rendered":"Desmantela SSP banda dedicada al robo de transporte en Veracruz"},"content":{"rendered":"\n<p>Xalapa, Ver.- Gracias al reforzamiento preventivo, efectivos de la Secretar\u00eda de Seguridad P\u00fablica (SSP), a trav\u00e9s de Polic\u00eda Estatal aprehendieron a cinco sujetos por robo, posesi\u00f3n de tracto cami\u00f3n y una caja seca con reporte de robo.<\/p>\n\n\n\n<p>Gracias a una llamada a la l\u00ednea de emergencias 911, elementos estatales fueron alertados que en calle Mango de la colonia Rafael D\u00edaz Serd\u00e1n de Veracruz, hab\u00eda sido localizada <em>mercanc\u00eda robada consistente en aires acondicionados<\/em><\/p>\n\n\n\n<p>De inmediato, los oficiales acudieron al lugar y observaron a cinco sujetos, los cuales estaban descargando <em>esos aires acondicionados<\/em> de un tracto cami\u00f3n Kenworth, placas MY8452C, hac\u00eda tres <em>camionetas:<\/em> Jeep, placas MO8ABK; Ford F150, placas XK8934B y Chevrolet, placas XV04220.<\/p>\n\n\n\n<p>Para verificar la situaci\u00f3n, personal de SSP le solicit\u00f3 la documentaci\u00f3n de la legal procedencia de dichos aires acondicionados, refirieron que <em>no contaban con ellos.<\/em><\/p>\n\n\n\n<p>Debido a lo anterior fueron detenidos Julio Aldair \u201cN\u201d, Abel \u201cN\u201d, Alex Adona\u00ed \u201cN\u201d, C\u00e1ndido \u201cN\u201d y Marco Antonio \u201cN\u201d, quedando a disposici\u00f3n de la autoridad correspondiente, para los tr\u00e1mites de ley.<\/p>\n","protected":false},"excerpt":{"rendered":"<p>Xalapa, Ver.- Gracias al reforzamiento preventivo, efectivos de la Secretar\u00eda de Seguridad P\u00fablica (SSP), a trav\u00e9s de Polic\u00eda Estatal aprehendieron a cinco sujetos por robo, posesi\u00f3n de tracto cami\u00f3n y una caja seca con reporte de robo. Gracias a una llamada a la l\u00ednea de emergencias 911, elementos estatales fueron alertados que en calle Mango [&hellip;]<\/p>\n","protected":false},"author":2476,"featured_media":58583,"comment_status":"open","ping_status":"open","sticky":false,"template":"","format":"standard","meta":{"_jetpack_memberships_contains_paid_content":false,"footnotes":""},"categories":[14],"tags":[],"class_list":["post-58582","post","type-post","status-publish","format-standard","has-post-thumbnail","hentry","category-policiaca"],"jetpack_featured_media_url":"https:\/\/encuentroinformativo.com.mx\/wp-content\/uploads\/2024\/09\/IMG-20240914-WA00072.jpg","jetpack_sharing_enabled":true,"jetpack_likes_enabled":true,"amp_enabled":true,"_links":{"self":[{"href":"https:\/\/encuentroinformativo.com.mx\/index.php?rest_route=\/wp\/v2\/posts\/58582","targetHints":{"allow":["GET"]}}],"collection":[{"href":"https:\/\/encuentroinformativo.com.mx\/index.php?rest_route=\/wp\/v2\/posts"}],"about":[{"href":"https:\/\/encuentroinformativo.com.mx\/index.php?rest_route=\/wp\/v2\/types\/post"}],"author":[{"embeddable":true,"href":"https:\/\/encuentroinformativo.com.mx\/index.php?rest_route=\/wp\/v2\/users\/2476"}],"replies":[{"embeddable":true,"href":"https:\/\/encuentroinformativo.com.mx\/index.php?rest_route=%2Fwp%2Fv2%2Fcomments&post=58582"}],"version-history":[{"count":1,"href":"https:\/\/encuentroinformativo.com.mx\/index.php?rest_route=\/wp\/v2\/posts\/58582\/revisions"}],"predecessor-version":[{"id":58584,"href":"https:\/\/encuentroinformativo.com.mx\/index.php?rest_route=\/wp\/v2\/posts\/58582\/revisions\/58584"}],"wp:featuredmedia":[{"embeddable":true,"href":"https:\/\/encuentroinformativo.com.mx\/index.php?rest_route=\/wp\/v2\/media\/58583"}],"wp:attachment":[{"href":"https:\/\/encuentroinformativo.com.mx\/index.php?rest_route=%2Fwp%2Fv2%2Fmedia&parent=58582"}],"wp:term":[{"taxonomy":"category","embeddable":true,"href":"https:\/\/encuentroinformativo.com.mx\/index.php?rest_route=%2Fwp%2Fv2%2Fcategories&post=58582"},{"taxonomy":"post_tag","embeddable":true,"href":"https:\/\/encuentroinformativo.com.mx\/index.php?rest_route=%2Fwp%2Fv2%2Ftags&post=58582"}],"curies":[{"name":"wp","href":"https:\/\/api.w.org\/{rel}","templated":true}]}}