{"id":58585,"date":"2024-09-14T11:50:31","date_gmt":"2024-09-14T17:50:31","guid":{"rendered":"https:\/\/encuentroinformativo.com.mx\/?p=58585"},"modified":"2024-09-14T11:50:36","modified_gmt":"2024-09-14T17:50:36","slug":"localizan-sin-vida-a-menor-desaparecido-en-alto-lucero","status":"publish","type":"post","link":"https:\/\/encuentroinformativo.com.mx\/?p=58585","title":{"rendered":"Localizan sin vida a menor desaparecido en Alto Lucero"},"content":{"rendered":"\n<p><strong>Dar\u00edo Pale <\/strong><\/p>\n\n\n\n<p>Xalapa,Ver.- Lamentablemente este d\u00eda fue localizado el cuerpo de un menor sin vida de aproximadamente 12 a\u00f1os de edad en la calle \u00d3palo de la colonia La Haciendita, el cual posteriormente fue identificado.<\/p>\n\n\n\n<p>Despu\u00e9s de que se diera parte a las autoridades de la localizaci\u00f3n del cuerpo de un ni\u00f1o de aproximadamente 12 a\u00f1os el cual vest\u00eda una playera roja, un pantal\u00f3n de mezclilla negro y no ten\u00eda zapatos, fue encontrado por vecinos de la zona.<\/p>\n\n\n\n<p>Param\u00e9dicos del Grupo Panteras acudieron al lugar, pero solo pudieron confirmar el deceso del menor. Elementos de la Polic\u00eda Estatal tambi\u00e9n acudieron para tomar conocimiento de los hechos y comenzar la investigaci\u00f3n correspondiente.<\/p>\n\n\n\n<p>Poco despu\u00e9s, las autoridades confirmaron la identidad del menor como Isidro M., quien hab\u00eda sido reportado como desaparecido la tarde del viernes, aproximadamente a las 18:00 horas.<\/p>\n\n\n\n<p>El ni\u00f1o fue visto por \u00faltima vez en la localidad de Rancho Nuevo, Alto Lucero, acompa\u00f1ado por tres mujeres y cuatro menores m\u00e1s en un auto Jetta negro.\u00a0<\/p>\n\n\n\n<p>Hasta el momento, se desconocen las causas de su fallecimiento, as\u00ed como los motivos que lo llevaron a aparecer en esa zona, por lo que las autoridades contin\u00faan con las investigaciones.<\/p>\n","protected":false},"excerpt":{"rendered":"<p>Dar\u00edo Pale Xalapa,Ver.- Lamentablemente este d\u00eda fue localizado el cuerpo de un menor sin vida de aproximadamente 12 a\u00f1os de edad en la calle \u00d3palo de la colonia La Haciendita, el cual posteriormente fue identificado. Despu\u00e9s de que se diera parte a las autoridades de la localizaci\u00f3n del cuerpo de un ni\u00f1o de aproximadamente 12 [&hellip;]<\/p>\n","protected":false},"author":2476,"featured_media":58586,"comment_status":"open","ping_status":"open","sticky":false,"template":"","format":"standard","meta":{"_jetpack_memberships_contains_paid_content":false,"footnotes":""},"categories":[8],"tags":[],"class_list":["post-58585","post","type-post","status-publish","format-standard","has-post-thumbnail","hentry","category-region"],"jetpack_featured_media_url":"https:\/\/encuentroinformativo.com.mx\/wp-content\/uploads\/2024\/09\/IMG-20240914-WA0008.jpg","jetpack_sharing_enabled":true,"jetpack_likes_enabled":true,"amp_enabled":true,"_links":{"self":[{"href":"https:\/\/encuentroinformativo.com.mx\/index.php?rest_route=\/wp\/v2\/posts\/58585","targetHints":{"allow":["GET"]}}],"collection":[{"href":"https:\/\/encuentroinformativo.com.mx\/index.php?rest_route=\/wp\/v2\/posts"}],"about":[{"href":"https:\/\/encuentroinformativo.com.mx\/index.php?rest_route=\/wp\/v2\/types\/post"}],"author":[{"embeddable":true,"href":"https:\/\/encuentroinformativo.com.mx\/index.php?rest_route=\/wp\/v2\/users\/2476"}],"replies":[{"embeddable":true,"href":"https:\/\/encuentroinformativo.com.mx\/index.php?rest_route=%2Fwp%2Fv2%2Fcomments&post=58585"}],"version-history":[{"count":1,"href":"https:\/\/encuentroinformativo.com.mx\/index.php?rest_route=\/wp\/v2\/posts\/58585\/revisions"}],"predecessor-version":[{"id":58587,"href":"https:\/\/encuentroinformativo.com.mx\/index.php?rest_route=\/wp\/v2\/posts\/58585\/revisions\/58587"}],"wp:featuredmedia":[{"embeddable":true,"href":"https:\/\/encuentroinformativo.com.mx\/index.php?rest_route=\/wp\/v2\/media\/58586"}],"wp:attachment":[{"href":"https:\/\/encuentroinformativo.com.mx\/index.php?rest_route=%2Fwp%2Fv2%2Fmedia&parent=58585"}],"wp:term":[{"taxonomy":"category","embeddable":true,"href":"https:\/\/encuentroinformativo.com.mx\/index.php?rest_route=%2Fwp%2Fv2%2Fcategories&post=58585"},{"taxonomy":"post_tag","embeddable":true,"href":"https:\/\/encuentroinformativo.com.mx\/index.php?rest_route=%2Fwp%2Fv2%2Ftags&post=58585"}],"curies":[{"name":"wp","href":"https:\/\/api.w.org\/{rel}","templated":true}]}}