{"id":58588,"date":"2024-09-14T11:54:41","date_gmt":"2024-09-14T17:54:41","guid":{"rendered":"https:\/\/encuentroinformativo.com.mx\/?p=58588"},"modified":"2024-09-14T11:54:47","modified_gmt":"2024-09-14T17:54:47","slug":"anuncian-festival-san-jeronimo-en-coatepec","status":"publish","type":"post","link":"https:\/\/encuentroinformativo.com.mx\/?p=58588","title":{"rendered":"Anuncian Festival San Jer\u00f3nimo en Coatepec"},"content":{"rendered":"\n<p><strong>Dar\u00edo Pale <\/strong><\/p>\n\n\n\n<p>Xalapa, Ver.- Dan a conocer el programa del Festival San Jer\u00f3nimo en Coatepec, el cual se realizar\u00e1 del 21 al 30 de septiembre, as\u00ed lo informaron los integrantes del Comit\u00e9 Organizador.<\/p>\n\n\n\n<p>En conferencia de prensa se\u00f1alaron que para el d\u00eda 21 de septiembre ser\u00e1 el baile con el Grupo Palomo y el 22 de septiembre se efectuar\u00e1 la sexta edici\u00f3n del Jaroch\u00f3dromo con la participaci\u00f3n de mil 200 bailarines y 50 m\u00fasicos, adem\u00e1s de la tradicional Cabalgata de San Jer\u00f3nimo.\u00a0<\/p>\n\n\n\n<p>Adem\u00e1s el 28 de septiembre se realizar\u00e1 el D\u00e9cimo Encuentro de Arpas en el parque Miguel Hidalgo, con la participaci\u00f3n de grupos de Paraguay y Colombia, teniendo como anfitri\u00f3n a Tlen Huicani.\u00a0<\/p>\n\n\n\n<p>Mientras que el 29 de septiembre se realizar\u00e1 la bajada de los arcos en la Parroquia de San Jer\u00f3nimo y la alfombra de aserr\u00edn.\u00a0<\/p>\n\n\n\n<p>Por \u00faltimo dieron a conocer que el d\u00eda 30 de septiembre a la media noche se efectuar\u00e1n Las Ma\u00f1anitas y la fiesta patronal con actividades religiosas.<\/p>\n","protected":false},"excerpt":{"rendered":"<p>Dar\u00edo Pale Xalapa, Ver.- Dan a conocer el programa del Festival San Jer\u00f3nimo en Coatepec, el cual se realizar\u00e1 del 21 al 30 de septiembre, as\u00ed lo informaron los integrantes del Comit\u00e9 Organizador. En conferencia de prensa se\u00f1alaron que para el d\u00eda 21 de septiembre ser\u00e1 el baile con el Grupo Palomo y el 22 [&hellip;]<\/p>\n","protected":false},"author":2476,"featured_media":58589,"comment_status":"open","ping_status":"open","sticky":false,"template":"","format":"standard","meta":{"_jetpack_memberships_contains_paid_content":false,"footnotes":""},"categories":[8],"tags":[],"class_list":["post-58588","post","type-post","status-publish","format-standard","has-post-thumbnail","hentry","category-region"],"jetpack_featured_media_url":"https:\/\/encuentroinformativo.com.mx\/wp-content\/uploads\/2024\/09\/IMG-20240914-WA00102.jpg","jetpack_sharing_enabled":true,"jetpack_likes_enabled":true,"amp_enabled":true,"_links":{"self":[{"href":"https:\/\/encuentroinformativo.com.mx\/index.php?rest_route=\/wp\/v2\/posts\/58588","targetHints":{"allow":["GET"]}}],"collection":[{"href":"https:\/\/encuentroinformativo.com.mx\/index.php?rest_route=\/wp\/v2\/posts"}],"about":[{"href":"https:\/\/encuentroinformativo.com.mx\/index.php?rest_route=\/wp\/v2\/types\/post"}],"author":[{"embeddable":true,"href":"https:\/\/encuentroinformativo.com.mx\/index.php?rest_route=\/wp\/v2\/users\/2476"}],"replies":[{"embeddable":true,"href":"https:\/\/encuentroinformativo.com.mx\/index.php?rest_route=%2Fwp%2Fv2%2Fcomments&post=58588"}],"version-history":[{"count":1,"href":"https:\/\/encuentroinformativo.com.mx\/index.php?rest_route=\/wp\/v2\/posts\/58588\/revisions"}],"predecessor-version":[{"id":58590,"href":"https:\/\/encuentroinformativo.com.mx\/index.php?rest_route=\/wp\/v2\/posts\/58588\/revisions\/58590"}],"wp:featuredmedia":[{"embeddable":true,"href":"https:\/\/encuentroinformativo.com.mx\/index.php?rest_route=\/wp\/v2\/media\/58589"}],"wp:attachment":[{"href":"https:\/\/encuentroinformativo.com.mx\/index.php?rest_route=%2Fwp%2Fv2%2Fmedia&parent=58588"}],"wp:term":[{"taxonomy":"category","embeddable":true,"href":"https:\/\/encuentroinformativo.com.mx\/index.php?rest_route=%2Fwp%2Fv2%2Fcategories&post=58588"},{"taxonomy":"post_tag","embeddable":true,"href":"https:\/\/encuentroinformativo.com.mx\/index.php?rest_route=%2Fwp%2Fv2%2Ftags&post=58588"}],"curies":[{"name":"wp","href":"https:\/\/api.w.org\/{rel}","templated":true}]}}