{"id":58591,"date":"2024-09-14T15:28:35","date_gmt":"2024-09-14T21:28:35","guid":{"rendered":"https:\/\/encuentroinformativo.com.mx\/?p=58591"},"modified":"2024-09-14T15:28:41","modified_gmt":"2024-09-14T21:28:41","slug":"preven-temporal-lluvioso-con-interaccion-de-frentes-frios","status":"publish","type":"post","link":"https:\/\/encuentroinformativo.com.mx\/?p=58591","title":{"rendered":"Prev\u00e9n temporal lluvioso con interacci\u00f3n de frentes fr\u00edos"},"content":{"rendered":"\n<p><strong>Dar\u00edo Pale<\/strong><\/p>\n\n\n\n<p>Xalapa, Ver.- Existe la posibilidad de Interacci\u00f3n entre Frentes Fr\u00edos (FF) y Ciclones Tropicales en los pr\u00f3ximos d\u00edas y que ocasionar\u00eda temporal lluvioso, as\u00ed lo dio a conocer el jefe del Departamento de Fen\u00f3menos Atmosf\u00e9ricos de la Secretar\u00eda de Protecci\u00f3n Civil (SPC), Jos\u00e9 Llanos Arias.<\/p>\n\n\n\n<p>Record\u00f3 que la temporada de Frentes Fr\u00edos ha iniciado y entre la transici\u00f3n del verano al oto\u00f1o, se prev\u00e9 que ocurran estos fen\u00f3menos meteorol\u00f3gicos.<\/p>\n\n\n\n<p>Esta situaci\u00f3n, abund\u00f3, genera el riesgo de lluvias abundantes, as\u00ed como tormentas que podr\u00edan derivar en crecidas de r\u00edos, desbordamientos y deslaves.<\/p>\n\n\n\n<p>&#8220;Ya tenemos la temporada de Frentes Fr\u00edos; por lo menos ya tuvimos uno a finales de agosto que nos afect\u00f3 en septiembre y una vez que se desarrolle el fen\u00f3meno de La Ni\u00f1a, si esto ocurre, pudieran estar llegando m\u00e1s Frentes Fr\u00edos y que todav\u00eda pueden estar interactuando con Ondas Tropicales porque tenemos ahorita tambi\u00e9n varias Ondas Tropicales movi\u00e9ndose hacia el Caribe y luego hacia nuestro pa\u00eds\u201d, se\u00f1al\u00f3.<\/p>\n\n\n\n<p>Y es que, con base en los pron\u00f3sticos, refiri\u00f3, que se prev\u00e9 que en las siguientes semanas se genere la interacci\u00f3n de una Onda Tropical y un Frente Fr\u00edo.<\/p>\n\n\n\n<p>\u201cNo se descarta que digamos en las pr\u00f3ximas semanas pudi\u00e9ramos tener de nuevo a cuenta la posible interacci\u00f3n entre alg\u00fan Frente Fr\u00edo y una Onda Tropical, que pudiera nuevamente ocasionar un temporal lluvioso en el estado de Veracruz\u201d, coment\u00f3.<\/p>\n\n\n\n<p>De acuerdo al Servicio Meteorol\u00f3gico Nacional (SMN), se prev\u00e9n 48 Frentes Fr\u00edos, de los cuales 3 se esperan en septiembre, 4 en octubre, 6 en noviembre, 8 en diciembre, 8 en enero, 7 en febrero, 6 en marzo, 4 en abril y 2 en mayo.<\/p>\n\n\n\n<p>Finalmente, en lo que se refiere a las tormentas invernales, inform\u00f3 que para noviembre se prev\u00e9 una, otra en diciembre, 2 en enero y 3 en febrero.<\/p>\n","protected":false},"excerpt":{"rendered":"<p>Dar\u00edo Pale Xalapa, Ver.- Existe la posibilidad de Interacci\u00f3n entre Frentes Fr\u00edos (FF) y Ciclones Tropicales en los pr\u00f3ximos d\u00edas y que ocasionar\u00eda temporal lluvioso, as\u00ed lo dio a conocer el jefe del Departamento de Fen\u00f3menos Atmosf\u00e9ricos de la Secretar\u00eda de Protecci\u00f3n Civil (SPC), Jos\u00e9 Llanos Arias. Record\u00f3 que la temporada de Frentes Fr\u00edos ha [&hellip;]<\/p>\n","protected":false},"author":2476,"featured_media":58592,"comment_status":"open","ping_status":"open","sticky":false,"template":"","format":"standard","meta":{"_jetpack_memberships_contains_paid_content":false,"footnotes":""},"categories":[2],"tags":[],"class_list":["post-58591","post","type-post","status-publish","format-standard","has-post-thumbnail","hentry","category-estado"],"jetpack_featured_media_url":"https:\/\/encuentroinformativo.com.mx\/wp-content\/uploads\/2024\/09\/IMG-20240914-WA0019.jpg","jetpack_sharing_enabled":true,"jetpack_likes_enabled":true,"amp_enabled":true,"_links":{"self":[{"href":"https:\/\/encuentroinformativo.com.mx\/index.php?rest_route=\/wp\/v2\/posts\/58591","targetHints":{"allow":["GET"]}}],"collection":[{"href":"https:\/\/encuentroinformativo.com.mx\/index.php?rest_route=\/wp\/v2\/posts"}],"about":[{"href":"https:\/\/encuentroinformativo.com.mx\/index.php?rest_route=\/wp\/v2\/types\/post"}],"author":[{"embeddable":true,"href":"https:\/\/encuentroinformativo.com.mx\/index.php?rest_route=\/wp\/v2\/users\/2476"}],"replies":[{"embeddable":true,"href":"https:\/\/encuentroinformativo.com.mx\/index.php?rest_route=%2Fwp%2Fv2%2Fcomments&post=58591"}],"version-history":[{"count":1,"href":"https:\/\/encuentroinformativo.com.mx\/index.php?rest_route=\/wp\/v2\/posts\/58591\/revisions"}],"predecessor-version":[{"id":58593,"href":"https:\/\/encuentroinformativo.com.mx\/index.php?rest_route=\/wp\/v2\/posts\/58591\/revisions\/58593"}],"wp:featuredmedia":[{"embeddable":true,"href":"https:\/\/encuentroinformativo.com.mx\/index.php?rest_route=\/wp\/v2\/media\/58592"}],"wp:attachment":[{"href":"https:\/\/encuentroinformativo.com.mx\/index.php?rest_route=%2Fwp%2Fv2%2Fmedia&parent=58591"}],"wp:term":[{"taxonomy":"category","embeddable":true,"href":"https:\/\/encuentroinformativo.com.mx\/index.php?rest_route=%2Fwp%2Fv2%2Fcategories&post=58591"},{"taxonomy":"post_tag","embeddable":true,"href":"https:\/\/encuentroinformativo.com.mx\/index.php?rest_route=%2Fwp%2Fv2%2Ftags&post=58591"}],"curies":[{"name":"wp","href":"https:\/\/api.w.org\/{rel}","templated":true}]}}