{"id":58606,"date":"2024-09-16T10:30:51","date_gmt":"2024-09-16T16:30:51","guid":{"rendered":"https:\/\/encuentroinformativo.com.mx\/?p=58606"},"modified":"2024-09-16T10:30:57","modified_gmt":"2024-09-16T16:30:57","slug":"ya-hay-detenidos-por-homicidio-del-menor-isidro-n-gobernador","status":"publish","type":"post","link":"https:\/\/encuentroinformativo.com.mx\/?p=58606","title":{"rendered":"Ya hay detenidos por homicidio del menor Isidro N: Gobernador"},"content":{"rendered":"\n<p><strong>Dar\u00edo Pale<\/strong><\/p>\n\n\n\n<p>Xalapa, Ver.- Confirma el gobernador Cuitl\u00e1huac Garc\u00eda Jim\u00e9nez que, hay detenidos por el homicidio del menor en Xalapa, adem\u00e1s inform\u00f3 de la suspensi\u00f3n del Grito en el municipio de Ixhuatl\u00e1n del Sureste.<\/p>\n\n\n\n<p>En breve entrevista, luego de acudir a la guardia de honor al parque de Los Berros, confirm\u00f3 que hay detenidos por el homicidio de un menor en Xalapa el pasado fin de semana, &#8220;hay detenidos y le vamos a dar la informaci\u00f3n detallada m\u00e1s adelante&#8221;.<\/p>\n\n\n\n<p>Cabe recordar que la ma\u00f1ana de este s\u00e1bado, fue localizado el cuerpo sin vida de un menor de 12 a\u00f1os identificado como Isidro \u201cN\u201d, que hab\u00eda sido reportado como desaparecido desde el pasado viernes junto con otros tres menores y tres mujeres, fue localizado en la colonia La Haciendita de esta capital.<\/p>\n\n\n\n<p>Se conoci\u00f3 que el menor fue visto por \u00faltima vez en la localidad de Rancho Nuevo, en el municipio de Alto Lucero, cuando se encontraba en compa\u00f1\u00eda de tres mujeres y cuatro menores de edad a bordo de un autom\u00f3vil marca Volkswagen Jetta.<\/p>\n\n\n\n<p>En otro orden de ideas dijo que la fiesta del Grito de Independencia fue cancelado en el municipio de Ixhuatl\u00e1n del Sureste, precis\u00f3 que por una manifestaci\u00f3n de los ciudadanos.<\/p>\n\n\n\n<p>Y es que este domingo, en la explanada del palacio municipal, los inconformes protestaron por no contar con servicios tan b\u00e1sicos como agua potable y un problema de energ\u00eda el\u00e9ctrica que no ha sido resuelto por la CFE, se presentaron para pedir soluciones.<\/p>\n\n\n\n<p>Ante los hechos, el alcalde Fabi\u00e1n Cruz Cruz, opt\u00f3 por no salir al balc\u00f3n y decidi\u00f3 suspender la fiesta patria.<\/p>\n\n\n\n<p>Finalmente, el gobernador Cuitl\u00e1huac Garc\u00eda Jim\u00e9nez, asegur\u00f3 saldo \u00a0blanco en la ceremonia del Grito de Independencia.<\/p>\n","protected":false},"excerpt":{"rendered":"<p>Dar\u00edo Pale Xalapa, Ver.- Confirma el gobernador Cuitl\u00e1huac Garc\u00eda Jim\u00e9nez que, hay detenidos por el homicidio del menor en Xalapa, adem\u00e1s inform\u00f3 de la suspensi\u00f3n del Grito en el municipio de Ixhuatl\u00e1n del Sureste. En breve entrevista, luego de acudir a la guardia de honor al parque de Los Berros, confirm\u00f3 que hay detenidos por [&hellip;]<\/p>\n","protected":false},"author":2476,"featured_media":58607,"comment_status":"open","ping_status":"open","sticky":false,"template":"","format":"standard","meta":{"_jetpack_memberships_contains_paid_content":false,"footnotes":""},"categories":[2],"tags":[],"class_list":["post-58606","post","type-post","status-publish","format-standard","has-post-thumbnail","hentry","category-estado"],"jetpack_featured_media_url":"https:\/\/encuentroinformativo.com.mx\/wp-content\/uploads\/2024\/09\/IMG-20240916-WA0073.jpg","jetpack_sharing_enabled":true,"jetpack_likes_enabled":true,"amp_enabled":true,"_links":{"self":[{"href":"https:\/\/encuentroinformativo.com.mx\/index.php?rest_route=\/wp\/v2\/posts\/58606","targetHints":{"allow":["GET"]}}],"collection":[{"href":"https:\/\/encuentroinformativo.com.mx\/index.php?rest_route=\/wp\/v2\/posts"}],"about":[{"href":"https:\/\/encuentroinformativo.com.mx\/index.php?rest_route=\/wp\/v2\/types\/post"}],"author":[{"embeddable":true,"href":"https:\/\/encuentroinformativo.com.mx\/index.php?rest_route=\/wp\/v2\/users\/2476"}],"replies":[{"embeddable":true,"href":"https:\/\/encuentroinformativo.com.mx\/index.php?rest_route=%2Fwp%2Fv2%2Fcomments&post=58606"}],"version-history":[{"count":1,"href":"https:\/\/encuentroinformativo.com.mx\/index.php?rest_route=\/wp\/v2\/posts\/58606\/revisions"}],"predecessor-version":[{"id":58608,"href":"https:\/\/encuentroinformativo.com.mx\/index.php?rest_route=\/wp\/v2\/posts\/58606\/revisions\/58608"}],"wp:featuredmedia":[{"embeddable":true,"href":"https:\/\/encuentroinformativo.com.mx\/index.php?rest_route=\/wp\/v2\/media\/58607"}],"wp:attachment":[{"href":"https:\/\/encuentroinformativo.com.mx\/index.php?rest_route=%2Fwp%2Fv2%2Fmedia&parent=58606"}],"wp:term":[{"taxonomy":"category","embeddable":true,"href":"https:\/\/encuentroinformativo.com.mx\/index.php?rest_route=%2Fwp%2Fv2%2Fcategories&post=58606"},{"taxonomy":"post_tag","embeddable":true,"href":"https:\/\/encuentroinformativo.com.mx\/index.php?rest_route=%2Fwp%2Fv2%2Ftags&post=58606"}],"curies":[{"name":"wp","href":"https:\/\/api.w.org\/{rel}","templated":true}]}}