{"id":58619,"date":"2024-09-16T15:51:42","date_gmt":"2024-09-16T21:51:42","guid":{"rendered":"https:\/\/encuentroinformativo.com.mx\/?p=58619"},"modified":"2024-09-16T15:51:48","modified_gmt":"2024-09-16T21:51:48","slug":"alcalde-jm-unanue-dio-el-grito-de-independencia-en-el-marco-del-214-aniversario","status":"publish","type":"post","link":"https:\/\/encuentroinformativo.com.mx\/?p=58619","title":{"rendered":"Alcalde JM Un\u00e1nue dio el Grito de Independencia en el marco del 214 aniversario"},"content":{"rendered":"\n<p><strong>* <em>Ante una plaza llena, los boque\u00f1os mostraron su amor por M\u00e9xico y su respeto hacia los h\u00e9roes que forjaron la libertad e independencia de nuestra naci\u00f3n<\/em>.<\/strong><\/p>\n\n\n\n<p>Boca del R\u00edo, Ver.- El \u201cCoraz\u00f3n de Boca del R\u00edo\u201d vivi\u00f3 fervientemente la Conmemoraci\u00f3n del 214 Aniversario del Grito de Independencia, ceremonia en la que el alcalde de Boca del R\u00edo, Juan Manuel Un\u00e1nue Abascal, record\u00f3 a los h\u00e9roes que le dieron Patria y Libertad a los mexicanos.<\/p>\n\n\n\n<p>Minutos antes de las 11 de la noche de este domingo, el Presidente Municipal acompa\u00f1ado por la se\u00f1ora Melina Rivera de Un\u00e1nue y su peque\u00f1a hija Aitana Un\u00e1nue Rivera, se trasladaron por los pasillos del Palacio Municipal dirigi\u00e9ndose al balc\u00f3n principal en espera de iniciar el acto protocolario.<\/p>\n\n\n\n<p>Con el Toque de Corneta, la escolta a cargo de elementos de la Tercera Regi\u00f3n Naval escoltaron el L\u00e1baro Patrio para entregarlo al Alcalde, quien gallardamente lo recibi\u00f3 para hacer sonar la campana con tres toques y arengo.<\/p>\n\n\n\n<p>\u201cBoque\u00f1os y boque\u00f1as, \u00a1vivan los h\u00e9roes que nos dieron patria y libertad!, \u00a1viva Hidalgo!, \u00a1viva Morelos!, \u00a1viva Josefa Ortiz de Dom\u00ednguez!, \u00a1viva Allende!, \u00a1viva Aldama!, \u00a1viva Galeana!, \u00a1viva Nicol\u00e1s Bravo!, \u00a1viva la Independencia Nacional!, \u00a1viva Boca del R\u00edo!, \u00a1viva Veracruz!, \u00a1viva M\u00e9xico!, \u00a1viva M\u00e9xico!, \u00a1viva M\u00e9xico!\u201d, arenga que fue coreada por todos los presentes en la Plaza C\u00edvica Benito Ju\u00e1rez.<\/p>\n\n\n\n<p>Posteriormente, Un\u00e1nue Abascal realiz\u00f3 seis toques de campana, adem\u00e1s de ondear la Bandera Mexicana en todo lo alto e interpretar al un\u00edsono el Himno Nacional Mexicano.<\/p>\n\n\n\n<p>Al finalizar, el cielo de Boca del R\u00edo se ilumin\u00f3 con un bello espect\u00e1culo de pirotecnia, reflejando figuras y colores vibrantes, mientras que de fondo se escuch\u00f3 m\u00fasica vern\u00e1cula.<\/p>\n\n\n\n<p>Una vez m\u00e1s, Boca del R\u00edo mostr\u00f3 su profundo amor por M\u00e9xico y su respeto hacia los h\u00e9roes que con su valent\u00eda y pensamiento, forjaron la libertad e independencia de nuestra naci\u00f3n.<\/p>\n\n\n\n<p>En un ambiente lleno de orgullo patrio, los habitantes y autoridades rindieron homenaje a quienes sacrificaron todo para construir el pa\u00eds que hoy conocemos.<\/p>\n\n\n\n<p><em>PROGRAMA GENERAL<\/em><\/p>\n\n\n\n<p>Una vez recordado el sacrificio del Padre de la Patria, Don Miguel Hidalgo y Costilla en la poblaci\u00f3n de Dolores, el Ayuntamiento de Boca del R\u00edo ofreci\u00f3 a los boque\u00f1os una verbena popular con un espect\u00e1culo y m\u00fasica folcl\u00f3rica.<\/p>\n\n\n\n<p>Previo al Grito de Independencia, los presentes disfrutaron la m\u00fasica del grupo \u201cLos Sabrocitos de Paso del Toro\u201d, quienes entonaron cumbia poniendo la nota de alegr\u00eda a la noche.<\/p>\n\n\n\n<p>Tambi\u00e9n se tuvo la participaci\u00f3n de la \u201cBanda JM\u201d, presentando el ritmo musical del norte del pa\u00eds, adem\u00e1s presenciaron como parte del programa cultural, las estampas regionales de distintos estados de la Rep\u00fablica.<\/p>\n\n\n\n<p>Sumado a esto, los asistentes disfrutaron de tacos al pastor, toriton de cacahuate, acompa\u00f1ados con aguas de sabores representativos de M\u00e9xico totalmente gratis.<\/p>\n\n\n\n<p>En esta ceremonia se cont\u00f3 con la presencia de la representaci\u00f3n de la Tercera Regi\u00f3n Naval, Representaci\u00f3n del 83 Batall\u00f3n de Infanter\u00eda, adem\u00e1s de diputados locales, federales, regidores y gabinete.<\/p>\n","protected":false},"excerpt":{"rendered":"<p>* Ante una plaza llena, los boque\u00f1os mostraron su amor por M\u00e9xico y su respeto hacia los h\u00e9roes que forjaron la libertad e independencia de nuestra naci\u00f3n. Boca del R\u00edo, Ver.- El \u201cCoraz\u00f3n de Boca del R\u00edo\u201d vivi\u00f3 fervientemente la Conmemoraci\u00f3n del 214 Aniversario del Grito de Independencia, ceremonia en la que el alcalde de [&hellip;]<\/p>\n","protected":false},"author":2476,"featured_media":58620,"comment_status":"open","ping_status":"open","sticky":false,"template":"","format":"standard","meta":{"_jetpack_memberships_contains_paid_content":false,"footnotes":""},"categories":[2],"tags":[],"class_list":["post-58619","post","type-post","status-publish","format-standard","has-post-thumbnail","hentry","category-estado"],"jetpack_featured_media_url":"https:\/\/encuentroinformativo.com.mx\/wp-content\/uploads\/2024\/09\/IMG-20240916-WA0000.jpg","jetpack_sharing_enabled":true,"jetpack_likes_enabled":true,"amp_enabled":true,"_links":{"self":[{"href":"https:\/\/encuentroinformativo.com.mx\/index.php?rest_route=\/wp\/v2\/posts\/58619","targetHints":{"allow":["GET"]}}],"collection":[{"href":"https:\/\/encuentroinformativo.com.mx\/index.php?rest_route=\/wp\/v2\/posts"}],"about":[{"href":"https:\/\/encuentroinformativo.com.mx\/index.php?rest_route=\/wp\/v2\/types\/post"}],"author":[{"embeddable":true,"href":"https:\/\/encuentroinformativo.com.mx\/index.php?rest_route=\/wp\/v2\/users\/2476"}],"replies":[{"embeddable":true,"href":"https:\/\/encuentroinformativo.com.mx\/index.php?rest_route=%2Fwp%2Fv2%2Fcomments&post=58619"}],"version-history":[{"count":1,"href":"https:\/\/encuentroinformativo.com.mx\/index.php?rest_route=\/wp\/v2\/posts\/58619\/revisions"}],"predecessor-version":[{"id":58621,"href":"https:\/\/encuentroinformativo.com.mx\/index.php?rest_route=\/wp\/v2\/posts\/58619\/revisions\/58621"}],"wp:featuredmedia":[{"embeddable":true,"href":"https:\/\/encuentroinformativo.com.mx\/index.php?rest_route=\/wp\/v2\/media\/58620"}],"wp:attachment":[{"href":"https:\/\/encuentroinformativo.com.mx\/index.php?rest_route=%2Fwp%2Fv2%2Fmedia&parent=58619"}],"wp:term":[{"taxonomy":"category","embeddable":true,"href":"https:\/\/encuentroinformativo.com.mx\/index.php?rest_route=%2Fwp%2Fv2%2Fcategories&post=58619"},{"taxonomy":"post_tag","embeddable":true,"href":"https:\/\/encuentroinformativo.com.mx\/index.php?rest_route=%2Fwp%2Fv2%2Ftags&post=58619"}],"curies":[{"name":"wp","href":"https:\/\/api.w.org\/{rel}","templated":true}]}}