{"id":58622,"date":"2024-09-16T15:59:23","date_gmt":"2024-09-16T21:59:23","guid":{"rendered":"https:\/\/encuentroinformativo.com.mx\/?p=58622"},"modified":"2024-09-16T15:59:29","modified_gmt":"2024-09-16T21:59:29","slug":"mantiene-fiscalia-investigaciones-por-caso-de-menores-isidro-y-polet","status":"publish","type":"post","link":"https:\/\/encuentroinformativo.com.mx\/?p=58622","title":{"rendered":"Mantiene Fiscal\u00eda investigaciones por caso de menores Isidro y Polet"},"content":{"rendered":"\n<p><strong>Dar\u00edo Pale <\/strong><\/p>\n\n\n\n<p>Xalapa, Ver.- La titular de la Fiscal\u00eda General del Estado, Ver\u00f3nica Hern\u00e1ndez Giadans dio a conocer que solo hay una l\u00ednea de investigaci\u00f3n en los casos de los dos menores que aparecieron muertos y en uno ya hay detenidos.<\/p>\n\n\n\n<p>Entrevistada previo al desfile C\u00edvico Militar coment\u00f3 que en los dos casos de los ni\u00f1os que encontraron muertos el de Alto Lucero y de la ni\u00f1a Polet, dijo en los dos casos ya hay carpetas de investigaci\u00f3n por estos hechos lamentables.<\/p>\n\n\n\n<p>Del tema del menor de Alto Lucero hay personas que ya est\u00e1n detenidas que posiblemente tengan que ver con este hecho y el compromiso como siempre es de que no haya impunidad y se haga justicia.<\/p>\n\n\n\n<p>Inform\u00f3 que no hay denuncia por desaparici\u00f3n de los menores que acompa\u00f1aban al menor que fue encontrado muerto en La Haciendita, ya que al parecer eran familiares las personas que tuvieron que ver con ese evento.<\/p>\n\n\n\n<p>En el caso de Polet inform\u00f3 que, se inici\u00f3 una carpeta de investigaci\u00f3n tienen a una persona identificada como presunto responsable y est\u00e1n trabajando para solicitar la orden de aprehensi\u00f3n y la est\u00e1n localizando.<\/p>\n\n\n\n<p>Solo hay una l\u00ednea de investigaci\u00f3n en cada una de las carpetas, en su momento dar\u00e1n informaci\u00f3n en la p\u00e1gina oficial, y reiter\u00f3 el compromiso de que no habr\u00e1 impunidad.<\/p>\n","protected":false},"excerpt":{"rendered":"<p>Dar\u00edo Pale Xalapa, Ver.- La titular de la Fiscal\u00eda General del Estado, Ver\u00f3nica Hern\u00e1ndez Giadans dio a conocer que solo hay una l\u00ednea de investigaci\u00f3n en los casos de los dos menores que aparecieron muertos y en uno ya hay detenidos. Entrevistada previo al desfile C\u00edvico Militar coment\u00f3 que en los dos casos de los [&hellip;]<\/p>\n","protected":false},"author":2476,"featured_media":58623,"comment_status":"open","ping_status":"open","sticky":false,"template":"","format":"standard","meta":{"_jetpack_memberships_contains_paid_content":false,"footnotes":""},"categories":[2],"tags":[],"class_list":["post-58622","post","type-post","status-publish","format-standard","has-post-thumbnail","hentry","category-estado"],"jetpack_featured_media_url":"https:\/\/encuentroinformativo.com.mx\/wp-content\/uploads\/2024\/09\/IMG-20240916-WA0085.jpg","jetpack_sharing_enabled":true,"jetpack_likes_enabled":true,"amp_enabled":true,"_links":{"self":[{"href":"https:\/\/encuentroinformativo.com.mx\/index.php?rest_route=\/wp\/v2\/posts\/58622","targetHints":{"allow":["GET"]}}],"collection":[{"href":"https:\/\/encuentroinformativo.com.mx\/index.php?rest_route=\/wp\/v2\/posts"}],"about":[{"href":"https:\/\/encuentroinformativo.com.mx\/index.php?rest_route=\/wp\/v2\/types\/post"}],"author":[{"embeddable":true,"href":"https:\/\/encuentroinformativo.com.mx\/index.php?rest_route=\/wp\/v2\/users\/2476"}],"replies":[{"embeddable":true,"href":"https:\/\/encuentroinformativo.com.mx\/index.php?rest_route=%2Fwp%2Fv2%2Fcomments&post=58622"}],"version-history":[{"count":1,"href":"https:\/\/encuentroinformativo.com.mx\/index.php?rest_route=\/wp\/v2\/posts\/58622\/revisions"}],"predecessor-version":[{"id":58624,"href":"https:\/\/encuentroinformativo.com.mx\/index.php?rest_route=\/wp\/v2\/posts\/58622\/revisions\/58624"}],"wp:featuredmedia":[{"embeddable":true,"href":"https:\/\/encuentroinformativo.com.mx\/index.php?rest_route=\/wp\/v2\/media\/58623"}],"wp:attachment":[{"href":"https:\/\/encuentroinformativo.com.mx\/index.php?rest_route=%2Fwp%2Fv2%2Fmedia&parent=58622"}],"wp:term":[{"taxonomy":"category","embeddable":true,"href":"https:\/\/encuentroinformativo.com.mx\/index.php?rest_route=%2Fwp%2Fv2%2Fcategories&post=58622"},{"taxonomy":"post_tag","embeddable":true,"href":"https:\/\/encuentroinformativo.com.mx\/index.php?rest_route=%2Fwp%2Fv2%2Ftags&post=58622"}],"curies":[{"name":"wp","href":"https:\/\/api.w.org\/{rel}","templated":true}]}}