{"id":58648,"date":"2024-09-17T13:55:38","date_gmt":"2024-09-17T19:55:38","guid":{"rendered":"https:\/\/encuentroinformativo.com.mx\/?p=58648"},"modified":"2024-09-17T13:55:45","modified_gmt":"2024-09-17T19:55:45","slug":"marchan-trabajadores-del-poder-judicial","status":"publish","type":"post","link":"https:\/\/encuentroinformativo.com.mx\/?p=58648","title":{"rendered":"Marchan trabajadores del Poder Judicial"},"content":{"rendered":"\n<p><strong>Dar\u00edo Pale <\/strong><\/p>\n\n\n\n<p>Xalapa, Ver.- Despu\u00e9s de que el d\u00eda de ayer realizar\u00e1n el velorio de la justicia hoy los trabajadores del Poder Judicial Federal marcharon en veh\u00edculos, desde dicha soberan\u00eda, ubicada en la avenida Arco Sur, hasta la Plaza Lerdo, y continuar hasta el pante\u00f3n xalape\u00f1o, con el ataud que simboliza la muerte de la justicia independiente.<\/p>\n\n\n\n<p>Cabe se\u00f1alar que antes de llagar a la plaza Lerdo los trabajadores gritaron frente al Comit\u00e9 Directivo del Partido Acci\u00f3n Nacional (PAN), don gritaban las consignas &#8220;Yunes Culero la patria es primero&#8221;, &#8220;Yunes traidor t\u00e9 vendiste al dictador&#8221;, &#8220;Yunes Santa Anna verg\u00fcenza veracruzana&#8221;, entre otras.<\/p>\n\n\n\n<p>En entrevista a su arribo a la plaza Lerdo, el trabajador Alan Torres, resalt\u00f3 que con esta manifestaci\u00f3n quieren decirle a la gente que la justicia independiente ha muerto.<\/p>\n\n\n\n<p>Tras la emisi\u00f3n y publicaci\u00f3n del decreto este domingo por la tarde, los trabajadores seguir\u00e1n en un paro parcial de labores.<\/p>\n\n\n\n<p>Seguir\u00e1n valorando hasta donde ser\u00e1 posible que se sigan manifestando sin da\u00f1ar los procesos y a los justiciables.<\/p>\n\n\n\n<p>Durante la marcha gritaban las consignas de &#8220;Viva M\u00e9xico&#8221;, &#8220;ciudadano consciente se une al contingente&#8221; o &#8220;el Poder Judicial est\u00e1 de pie&#8221;, definieron que el ataud simboliza las intenciones presidenciales.<\/p>\n\n\n\n<p>&#8220;Esta reforma votada, no con razones, sino por capricho presidencial y personal, es para destruir la divisi\u00f3n de poderes&#8221;, dijeron frente a palacio de Gobierno.<\/p>\n\n\n\n<p>Sin embargo, lo que ellos saben es que lo que resta del mes de septiembre seguir\u00e1n en suspensi\u00f3n de labores.<\/p>\n\n\n\n<p>Alan Torres no descart\u00f3 que se puedan interponer amparos o hasta controversias constitucionales a nivel internacional.<\/p>\n\n\n\n<p>Es por ello que invit\u00f3 a los ciudadanos que no est\u00e9n de acuerdo con la reforma a que promuevan los amparos respectivos, porque para eso son las instituciones.<\/p>\n\n\n\n<p>Los inconformes llegaron con el ataud, realizaron su protesta y siguieron su camino hacia el pante\u00f3n xalape\u00f1o.<\/p>\n\n\n\n<p>Como parte de las consignas, no olvidaron se\u00f1alar que el senador Miguel \u00c1ngel Yunes M\u00e1rquez vot\u00f3 a favor de la reforma y fue quien le dio &#8220;la \u00faltima estocada a la justicia&#8221;.<\/p>\n\n\n\n<p>Finalmente se\u00f1al\u00f3 que fue el legislador veracruzano el que traicion\u00f3 su palabra y a sus ideales acus\u00f3 el trabajador, quien agreg\u00f3 que hab\u00eda votado por \u00e9l, pero no para que le diera su voto a Morena.<\/p>\n\n\n\n<figure class=\"wp-block-image size-large\"><img loading=\"lazy\" decoding=\"async\" width=\"1024\" height=\"512\" src=\"https:\/\/encuentroinformativo.com.mx\/wp-content\/uploads\/2024\/09\/1000387483-1024x512.jpg\" alt=\"\" class=\"wp-image-58650\" srcset=\"https:\/\/encuentroinformativo.com.mx\/wp-content\/uploads\/2024\/09\/1000387483-1024x512.jpg 1024w, https:\/\/encuentroinformativo.com.mx\/wp-content\/uploads\/2024\/09\/1000387483-300x150.jpg 300w, https:\/\/encuentroinformativo.com.mx\/wp-content\/uploads\/2024\/09\/1000387483-768x384.jpg 768w, https:\/\/encuentroinformativo.com.mx\/wp-content\/uploads\/2024\/09\/1000387483-1536x768.jpg 1536w, https:\/\/encuentroinformativo.com.mx\/wp-content\/uploads\/2024\/09\/1000387483.jpg 1600w\" sizes=\"auto, (max-width: 1024px) 100vw, 1024px\" \/><\/figure>\n","protected":false},"excerpt":{"rendered":"<p>Dar\u00edo Pale Xalapa, Ver.- Despu\u00e9s de que el d\u00eda de ayer realizar\u00e1n el velorio de la justicia hoy los trabajadores del Poder Judicial Federal marcharon en veh\u00edculos, desde dicha soberan\u00eda, ubicada en la avenida Arco Sur, hasta la Plaza Lerdo, y continuar hasta el pante\u00f3n xalape\u00f1o, con el ataud que simboliza la muerte de la [&hellip;]<\/p>\n","protected":false},"author":2476,"featured_media":58649,"comment_status":"open","ping_status":"open","sticky":false,"template":"","format":"standard","meta":{"_jetpack_memberships_contains_paid_content":false,"footnotes":""},"categories":[3],"tags":[],"class_list":["post-58648","post","type-post","status-publish","format-standard","has-post-thumbnail","hentry","category-xalapa"],"jetpack_featured_media_url":"https:\/\/encuentroinformativo.com.mx\/wp-content\/uploads\/2024\/09\/IMG-20240917-WA0066.jpg","jetpack_sharing_enabled":true,"jetpack_likes_enabled":true,"amp_enabled":true,"_links":{"self":[{"href":"https:\/\/encuentroinformativo.com.mx\/index.php?rest_route=\/wp\/v2\/posts\/58648","targetHints":{"allow":["GET"]}}],"collection":[{"href":"https:\/\/encuentroinformativo.com.mx\/index.php?rest_route=\/wp\/v2\/posts"}],"about":[{"href":"https:\/\/encuentroinformativo.com.mx\/index.php?rest_route=\/wp\/v2\/types\/post"}],"author":[{"embeddable":true,"href":"https:\/\/encuentroinformativo.com.mx\/index.php?rest_route=\/wp\/v2\/users\/2476"}],"replies":[{"embeddable":true,"href":"https:\/\/encuentroinformativo.com.mx\/index.php?rest_route=%2Fwp%2Fv2%2Fcomments&post=58648"}],"version-history":[{"count":1,"href":"https:\/\/encuentroinformativo.com.mx\/index.php?rest_route=\/wp\/v2\/posts\/58648\/revisions"}],"predecessor-version":[{"id":58651,"href":"https:\/\/encuentroinformativo.com.mx\/index.php?rest_route=\/wp\/v2\/posts\/58648\/revisions\/58651"}],"wp:featuredmedia":[{"embeddable":true,"href":"https:\/\/encuentroinformativo.com.mx\/index.php?rest_route=\/wp\/v2\/media\/58649"}],"wp:attachment":[{"href":"https:\/\/encuentroinformativo.com.mx\/index.php?rest_route=%2Fwp%2Fv2%2Fmedia&parent=58648"}],"wp:term":[{"taxonomy":"category","embeddable":true,"href":"https:\/\/encuentroinformativo.com.mx\/index.php?rest_route=%2Fwp%2Fv2%2Fcategories&post=58648"},{"taxonomy":"post_tag","embeddable":true,"href":"https:\/\/encuentroinformativo.com.mx\/index.php?rest_route=%2Fwp%2Fv2%2Ftags&post=58648"}],"curies":[{"name":"wp","href":"https:\/\/api.w.org\/{rel}","templated":true}]}}