{"id":58663,"date":"2024-09-17T17:00:13","date_gmt":"2024-09-17T23:00:13","guid":{"rendered":"https:\/\/encuentroinformativo.com.mx\/?p=58663"},"modified":"2024-09-17T17:00:19","modified_gmt":"2024-09-17T23:00:19","slug":"perforacion-de-pozos-opcion-de-municipios-ante-sequia-conagua","status":"publish","type":"post","link":"https:\/\/encuentroinformativo.com.mx\/?p=58663","title":{"rendered":"Perforaci\u00f3n de pozos, opci\u00f3n de municipios ante sequ\u00eda: Conagua"},"content":{"rendered":"\n<p><strong>Dar\u00edo Pale <\/strong><\/p>\n\n\n\n<p>Xalapa, Ver.- El estiaje prolongado por m\u00e1s de cinco a\u00f1os ha generado que casi todos los municipios del territorio veracruzano \u00a0hayan solicitado permisos para la perforaci\u00f3n de pozos, as\u00ed lo dio a conocer el director general del organismo Cuenca Golfo-Centro de la Comisi\u00f3n Nacional del Agua (Conagua), Pablo Rafael Robles Barajas.<\/p>\n\n\n\n<p>En entrevista se\u00f1al\u00f3 que, es una forma de garantizar agua potable para la poblaci\u00f3n, pues existe un desabasto importante en muchos sitios.<\/p>\n\n\n\n<p>Expuso que esto se debe al estiaje prolongado que se ha registrado en la entidad, pues son a\u00f1os los que han transcurrido con extremas sequ\u00edas.<\/p>\n\n\n\n<p>Inform\u00f3 que tan solo en este 2024 se han entregado ocho concesiones, aunque -puntualiz\u00f3- \u00a0que no en todos los casos se han otorgado concesiones, pues hay zonas de veda como son en Perote y el puerto de Veracruz.<\/p>\n\n\n\n<p>&#8220;En el sur, en casi todos los municipios han solicitado permisos, tres, cuatro, cinco, algunos est\u00e1n en zonas de veda por ejemplo en Perote-Zayaleta, la zona del puerto de Veracruz que tambi\u00e9n est\u00e1 en veda. Ah\u00ed no se ha entregado un solo permiso o concesi\u00f3n&#8221;, se\u00f1al\u00f3.<\/p>\n\n\n\n<p>\u201cCuando se entrega una concesi\u00f3n se garantiza que hay una reserva que se tiene que cuidar y estamos consciente de eso, antes no se hizo as\u00ed y por eso tenemos zonas en veda&#8221;, agreg\u00f3.<\/p>\n\n\n\n<p>Expres\u00f3 que en la mayor\u00eda de las cuencas tienen disponibilidad y se entregan los permisos, como en Xalapa que se le otorgaron cinco concesiones para la perforaci\u00f3n de pozos de agua, derivado a la situaci\u00f3n que vive la ciudad, en donde pasan semanas sin que llegue el vital l\u00edquido a las familias.<\/p>\n\n\n\n<p>Indic\u00f3 que en algunos casos los ambientalistas se han pronunciado en contra de que se realicen las perforaciones, sin embargo han cuidado que no se afecte al medio ambiente.\u00a0<\/p>\n\n\n\n<p>\u201cIncluso en Xalapa una de las preocupaciones de los ambientalistas es que con la entrega de concesiones se pueda reducir el caudal ecol\u00f3gico, eso est\u00e1 calculado, cuando hablamos de disponibilidad es que podemos entregar una concesi\u00f3n sin afectar \u00a0la reserva que se ten\u00eda&#8221;, coment\u00f3.<\/p>\n\n\n\n<p>\u201cEs una preocupaci\u00f3n muy v\u00e1lida porque estamos concentrados en entregar concesiones. Antes no se hac\u00eda as\u00ed y por eso tenemos una reserva, ahora definitivamente ya no lo hacemos, tenemos que respetar ese caudal ecol\u00f3gico\u201d, inform\u00f3.<\/p>\n\n\n\n<p>En el caso de Xalapa, puntualiz\u00f3 que \u00a0tiene una situaci\u00f3n que por su geograf\u00eda es problem\u00e1tica, pues es \u00a0una ciudad que tiene pendientes en las calles, por lo que \u00a0cada vez que se hace una obra siempre tendr\u00e1 el riesgo.\u00a0<\/p>\n\n\n\n<p>Finalmente coment\u00f3 que, &#8220;si hay una fuga pues afecta a gran parte de la zona. El problema es b\u00e1sicamente las fugas que tiene, estamos trabajando para ver de qu\u00e9 manera podemos contener un poco m\u00e1s el agua de la lluvia para poder hacer reservas\u201d.<\/p>\n","protected":false},"excerpt":{"rendered":"<p>Dar\u00edo Pale Xalapa, Ver.- El estiaje prolongado por m\u00e1s de cinco a\u00f1os ha generado que casi todos los municipios del territorio veracruzano \u00a0hayan solicitado permisos para la perforaci\u00f3n de pozos, as\u00ed lo dio a conocer el director general del organismo Cuenca Golfo-Centro de la Comisi\u00f3n Nacional del Agua (Conagua), Pablo Rafael Robles Barajas. En entrevista [&hellip;]<\/p>\n","protected":false},"author":2476,"featured_media":58664,"comment_status":"open","ping_status":"open","sticky":false,"template":"","format":"standard","meta":{"_jetpack_memberships_contains_paid_content":false,"footnotes":""},"categories":[2],"tags":[],"class_list":["post-58663","post","type-post","status-publish","format-standard","has-post-thumbnail","hentry","category-estado"],"jetpack_featured_media_url":"https:\/\/encuentroinformativo.com.mx\/wp-content\/uploads\/2024\/09\/IMG-20240917-WA0104.jpg","jetpack_sharing_enabled":true,"jetpack_likes_enabled":true,"amp_enabled":true,"_links":{"self":[{"href":"https:\/\/encuentroinformativo.com.mx\/index.php?rest_route=\/wp\/v2\/posts\/58663","targetHints":{"allow":["GET"]}}],"collection":[{"href":"https:\/\/encuentroinformativo.com.mx\/index.php?rest_route=\/wp\/v2\/posts"}],"about":[{"href":"https:\/\/encuentroinformativo.com.mx\/index.php?rest_route=\/wp\/v2\/types\/post"}],"author":[{"embeddable":true,"href":"https:\/\/encuentroinformativo.com.mx\/index.php?rest_route=\/wp\/v2\/users\/2476"}],"replies":[{"embeddable":true,"href":"https:\/\/encuentroinformativo.com.mx\/index.php?rest_route=%2Fwp%2Fv2%2Fcomments&post=58663"}],"version-history":[{"count":1,"href":"https:\/\/encuentroinformativo.com.mx\/index.php?rest_route=\/wp\/v2\/posts\/58663\/revisions"}],"predecessor-version":[{"id":58665,"href":"https:\/\/encuentroinformativo.com.mx\/index.php?rest_route=\/wp\/v2\/posts\/58663\/revisions\/58665"}],"wp:featuredmedia":[{"embeddable":true,"href":"https:\/\/encuentroinformativo.com.mx\/index.php?rest_route=\/wp\/v2\/media\/58664"}],"wp:attachment":[{"href":"https:\/\/encuentroinformativo.com.mx\/index.php?rest_route=%2Fwp%2Fv2%2Fmedia&parent=58663"}],"wp:term":[{"taxonomy":"category","embeddable":true,"href":"https:\/\/encuentroinformativo.com.mx\/index.php?rest_route=%2Fwp%2Fv2%2Fcategories&post=58663"},{"taxonomy":"post_tag","embeddable":true,"href":"https:\/\/encuentroinformativo.com.mx\/index.php?rest_route=%2Fwp%2Fv2%2Ftags&post=58663"}],"curies":[{"name":"wp","href":"https:\/\/api.w.org\/{rel}","templated":true}]}}