{"id":58671,"date":"2024-09-18T11:46:20","date_gmt":"2024-09-18T17:46:20","guid":{"rendered":"https:\/\/encuentroinformativo.com.mx\/?p=58671"},"modified":"2024-09-18T11:46:26","modified_gmt":"2024-09-18T17:46:26","slug":"espera-sindicato-asignacion-de-plazas-en-la-uv","status":"publish","type":"post","link":"https:\/\/encuentroinformativo.com.mx\/?p=58671","title":{"rendered":"Espera sindicato asignaci\u00f3n de plazas en la UV"},"content":{"rendered":"\n<p><strong>Dar\u00edo Pale <\/strong><\/p>\n\n\n\n<p>Xalapa, Ver.- La Universidad Veracruzana (UV) se comprometi\u00f3 a subsanar anomal\u00edas en asignaci\u00f3n de plazas en Biolog\u00eda y otras facultades, as\u00ed lo dio a conocer el secretario general del Sindicato Estatal del Personal Acad\u00e9mico de la Universidad Veracruzana, Enrique Levet Gorozpe.<\/p>\n\n\n\n<p>En entrevista previa a montar guardia de honor ante el monumento a Miguel Hidalgo, \u00a0se\u00f1al\u00f3 que, la asignaci\u00f3n de plazas para acad\u00e9micos de algunas facultades de la Universidad Veracruzana como Biolog\u00eda han tenido algunos problemas, pero ya ha habido acuerdos con las autoridades universitarias para subsanar los procesos.<\/p>\n\n\n\n<p>Y es que hay que recordar que en Xalapa, en dicha entidad acad\u00e9mica, docentes se manifestaron e hicieron un video en donde revelaron diversas irregularidades, por lo que lamentaron que las autoridades universitarias no hubieran hecho caso a sus demandas en reuniones anteriores.<\/p>\n\n\n\n<p>Dio a conocer que este martes se reunieron con las autoridades de la Casa de Estudios, &#8220;tratamos el asunto de Biolog\u00eda y tratamos el asunto de otras escuelas que hab\u00edan presentado con algunas situaciones que, de acuerdo con los maestros no estaba bien el procedimiento, no se estaban respetando las reglas ingreso, pero todo se ha ido subsanando&#8221;.<\/p>\n\n\n\n<p>El l\u00edder sindical expuso que acordaron que en la mayor\u00eda de los casos se van asignar y a corregir las anomal\u00edas, en otros casos se revisar\u00e1 cada una de las problem\u00e1ticas, de tal suerte que en las pr\u00f3ximas semanas habr\u00e1 una respuesta de la Universidad.<\/p>\n\n\n\n<p>Levet Gorozpe manifest\u00f3 que tienen pendiente con la Casa de Estudios una convocatoria de plazas de tiempo completo que seguramente saldr\u00e1 en octubre o noviembre.<\/p>\n\n\n\n<p>Mencion\u00f3 que los gobiernos tanto Federal como Estatal han cumplido con la UV para la entrega de las aportaciones correspondientes y pueda realizar las acciones sustantivas.<\/p>\n\n\n\n<p>Finalmente se\u00f1al\u00f3 que, &#8220;en el caso particular de Veracruz, el Gobernador ha cumplido, le ha otorgado los recursos a la Universidad en tiempo y forma. El gobierno Federal, en lo comprometido que aporta es menor al estatal, pero tambi\u00e9n se ha otorgado en tiempo y forma&#8221;.<\/p>\n","protected":false},"excerpt":{"rendered":"<p>Dar\u00edo Pale Xalapa, Ver.- La Universidad Veracruzana (UV) se comprometi\u00f3 a subsanar anomal\u00edas en asignaci\u00f3n de plazas en Biolog\u00eda y otras facultades, as\u00ed lo dio a conocer el secretario general del Sindicato Estatal del Personal Acad\u00e9mico de la Universidad Veracruzana, Enrique Levet Gorozpe. En entrevista previa a montar guardia de honor ante el monumento a [&hellip;]<\/p>\n","protected":false},"author":2476,"featured_media":58672,"comment_status":"open","ping_status":"open","sticky":false,"template":"","format":"standard","meta":{"_jetpack_memberships_contains_paid_content":false,"footnotes":""},"categories":[2],"tags":[],"class_list":["post-58671","post","type-post","status-publish","format-standard","has-post-thumbnail","hentry","category-estado"],"jetpack_featured_media_url":"https:\/\/encuentroinformativo.com.mx\/wp-content\/uploads\/2024\/09\/IMG-20240918-WA0027.jpg","jetpack_sharing_enabled":true,"jetpack_likes_enabled":true,"amp_enabled":true,"_links":{"self":[{"href":"https:\/\/encuentroinformativo.com.mx\/index.php?rest_route=\/wp\/v2\/posts\/58671","targetHints":{"allow":["GET"]}}],"collection":[{"href":"https:\/\/encuentroinformativo.com.mx\/index.php?rest_route=\/wp\/v2\/posts"}],"about":[{"href":"https:\/\/encuentroinformativo.com.mx\/index.php?rest_route=\/wp\/v2\/types\/post"}],"author":[{"embeddable":true,"href":"https:\/\/encuentroinformativo.com.mx\/index.php?rest_route=\/wp\/v2\/users\/2476"}],"replies":[{"embeddable":true,"href":"https:\/\/encuentroinformativo.com.mx\/index.php?rest_route=%2Fwp%2Fv2%2Fcomments&post=58671"}],"version-history":[{"count":1,"href":"https:\/\/encuentroinformativo.com.mx\/index.php?rest_route=\/wp\/v2\/posts\/58671\/revisions"}],"predecessor-version":[{"id":58673,"href":"https:\/\/encuentroinformativo.com.mx\/index.php?rest_route=\/wp\/v2\/posts\/58671\/revisions\/58673"}],"wp:featuredmedia":[{"embeddable":true,"href":"https:\/\/encuentroinformativo.com.mx\/index.php?rest_route=\/wp\/v2\/media\/58672"}],"wp:attachment":[{"href":"https:\/\/encuentroinformativo.com.mx\/index.php?rest_route=%2Fwp%2Fv2%2Fmedia&parent=58671"}],"wp:term":[{"taxonomy":"category","embeddable":true,"href":"https:\/\/encuentroinformativo.com.mx\/index.php?rest_route=%2Fwp%2Fv2%2Fcategories&post=58671"},{"taxonomy":"post_tag","embeddable":true,"href":"https:\/\/encuentroinformativo.com.mx\/index.php?rest_route=%2Fwp%2Fv2%2Ftags&post=58671"}],"curies":[{"name":"wp","href":"https:\/\/api.w.org\/{rel}","templated":true}]}}