{"id":58674,"date":"2024-09-18T12:18:16","date_gmt":"2024-09-18T18:18:16","guid":{"rendered":"https:\/\/encuentroinformativo.com.mx\/?p=58674"},"modified":"2024-09-18T12:18:22","modified_gmt":"2024-09-18T18:18:22","slug":"solicita-pri-cerrar-filas-para-evitar-desaparicion-de-organos-autonomos","status":"publish","type":"post","link":"https:\/\/encuentroinformativo.com.mx\/?p=58674","title":{"rendered":"Solicita PRI &#8220;cerrar filas&#8221; para evitar desaparici\u00f3n de \u00f3rganos aut\u00f3nomos"},"content":{"rendered":"\n<p><strong>Dar\u00edo Pale <\/strong><\/p>\n\n\n\n<p>Xalapa, Ver.- Llama el Partido Revolucionario Institucional (PRI) de Veracruz a diputados de oposici\u00f3n a cerrar filas contra desaparici\u00f3n de organismos aut\u00f3nomos, as\u00ed lo se\u00f1al\u00f3 el dirigente estatal Adolfo Ram\u00edrez Arana.<\/p>\n\n\n\n<p>En conferencia de prensa dijo que, ante la posibilidad de desaparecer a los organismos aut\u00f3nomos, llam\u00f3 a la oposici\u00f3n a cerrar filas y votar en contra de la modificaci\u00f3n, por lo que pidi\u00f3 a las y los legisladores federales que valoren lo que est\u00e1n por aprobar y voten en contra, porque el atropello es contra los mexicanos.<\/p>\n\n\n\n<p>Afirm\u00f3 que su partido defender\u00e1 la autonom\u00eda de los \u00f3rganos aut\u00f3nomos y opin\u00f3 que la desaparici\u00f3n que propone el gobierno de Andr\u00e9s Manuel L\u00f3pez Obrador, es un retroceso de m\u00e1s de 30 a\u00f1os.<\/p>\n\n\n\n<p>Consider\u00f3 que Morena quiere centralizar el poder y busca a toda costa que el \u00fanico poder recaiga en el Ejecutivo, lo cual no puede suceder.<\/p>\n\n\n\n<p>Record\u00f3 que M\u00e9xico es una Rep\u00fablica con divisi\u00f3n de poderes, pero con la reforma judicial est\u00e1n tratando de acabar con dicho poder para poner a modo a los pr\u00f3ximos jueces y magistrados.<\/p>\n\n\n\n<p>El l\u00edder del Tricolor enfatiz\u00f3 que el PRI se pronuncia en contra absoluta de la desaparici\u00f3n de los organismos aut\u00f3nomos y reiter\u00f3 que no permitir\u00e1n que se atropellen los derechos de los mexicanos.<\/p>\n\n\n\n<p>Ram\u00edrez Arana no descart\u00f3 que a este paso, desde el gobierno de M\u00e9xico vayan a intentar desaparecer al INE.<\/p>\n\n\n\n<p>Si esto ocurriera se acabar\u00eda con la democracia en su totalidad, por lo que consider\u00f3 que M\u00e9xico tiene que defenderse y manifest\u00f3 que los priistas est\u00e1n del lado de los mexicanos.<\/p>\n\n\n\n<p>Dijo que no se <em>rajar\u00e1n<\/em>, se mantendr\u00e1n en pie de lucha para defender a la sociedad, adem\u00e1s de que no dejar\u00e1n de se\u00f1alar los atropellos de Morena.<\/p>\n\n\n\n<p>Por \u00faltimo consider\u00f3 que el hecho de que tengan mayor\u00eda en las c\u00e1maras Alta y Baja, as\u00ed como en los congresos estatales, no les da el derecho de pisotear y manejar las leyes a su antojo.<\/p>\n","protected":false},"excerpt":{"rendered":"<p>Dar\u00edo Pale Xalapa, Ver.- Llama el Partido Revolucionario Institucional (PRI) de Veracruz a diputados de oposici\u00f3n a cerrar filas contra desaparici\u00f3n de organismos aut\u00f3nomos, as\u00ed lo se\u00f1al\u00f3 el dirigente estatal Adolfo Ram\u00edrez Arana. En conferencia de prensa dijo que, ante la posibilidad de desaparecer a los organismos aut\u00f3nomos, llam\u00f3 a la oposici\u00f3n a cerrar filas [&hellip;]<\/p>\n","protected":false},"author":2476,"featured_media":58675,"comment_status":"open","ping_status":"open","sticky":false,"template":"","format":"standard","meta":{"_jetpack_memberships_contains_paid_content":false,"footnotes":""},"categories":[2],"tags":[],"class_list":["post-58674","post","type-post","status-publish","format-standard","has-post-thumbnail","hentry","category-estado"],"jetpack_featured_media_url":"https:\/\/encuentroinformativo.com.mx\/wp-content\/uploads\/2024\/09\/IMG-20240918-WA0033.jpg","jetpack_sharing_enabled":true,"jetpack_likes_enabled":true,"amp_enabled":true,"_links":{"self":[{"href":"https:\/\/encuentroinformativo.com.mx\/index.php?rest_route=\/wp\/v2\/posts\/58674","targetHints":{"allow":["GET"]}}],"collection":[{"href":"https:\/\/encuentroinformativo.com.mx\/index.php?rest_route=\/wp\/v2\/posts"}],"about":[{"href":"https:\/\/encuentroinformativo.com.mx\/index.php?rest_route=\/wp\/v2\/types\/post"}],"author":[{"embeddable":true,"href":"https:\/\/encuentroinformativo.com.mx\/index.php?rest_route=\/wp\/v2\/users\/2476"}],"replies":[{"embeddable":true,"href":"https:\/\/encuentroinformativo.com.mx\/index.php?rest_route=%2Fwp%2Fv2%2Fcomments&post=58674"}],"version-history":[{"count":1,"href":"https:\/\/encuentroinformativo.com.mx\/index.php?rest_route=\/wp\/v2\/posts\/58674\/revisions"}],"predecessor-version":[{"id":58676,"href":"https:\/\/encuentroinformativo.com.mx\/index.php?rest_route=\/wp\/v2\/posts\/58674\/revisions\/58676"}],"wp:featuredmedia":[{"embeddable":true,"href":"https:\/\/encuentroinformativo.com.mx\/index.php?rest_route=\/wp\/v2\/media\/58675"}],"wp:attachment":[{"href":"https:\/\/encuentroinformativo.com.mx\/index.php?rest_route=%2Fwp%2Fv2%2Fmedia&parent=58674"}],"wp:term":[{"taxonomy":"category","embeddable":true,"href":"https:\/\/encuentroinformativo.com.mx\/index.php?rest_route=%2Fwp%2Fv2%2Fcategories&post=58674"},{"taxonomy":"post_tag","embeddable":true,"href":"https:\/\/encuentroinformativo.com.mx\/index.php?rest_route=%2Fwp%2Fv2%2Ftags&post=58674"}],"curies":[{"name":"wp","href":"https:\/\/api.w.org\/{rel}","templated":true}]}}