{"id":58680,"date":"2024-09-18T12:27:53","date_gmt":"2024-09-18T18:27:53","guid":{"rendered":"https:\/\/encuentroinformativo.com.mx\/?p=58680"},"modified":"2024-09-18T12:28:00","modified_gmt":"2024-09-18T18:28:00","slug":"trabajadores-del-poder-judicial-protestan-en-casa-benito-juarez-de-veracruz","status":"publish","type":"post","link":"https:\/\/encuentroinformativo.com.mx\/?p=58680","title":{"rendered":"Trabajadores del Poder Judicial protestan en casa Benito Ju\u00e1rez de Veracruz"},"content":{"rendered":"\n<p><strong>Alejandro \u00c1vila<\/strong><\/p>\n\n\n\n<p>Veracruz, Ver.- El presidente Andr\u00e9s Manuel L\u00f3pez Obrador quien tanto se ha promulgado como admirador del ex presidente Benito Ju\u00e1rez, distorsiona sus ideas y lo utiliza con la bandera equivocada, asegur\u00f3 el Magistrado, Antonio Soto Mart\u00ednez.<\/p>\n\n\n\n<p>La ma\u00f1ana de este mi\u00e9rcoles integrantes del Poder Judicial de Veracruz se manifestaron a las afueras de la que fuera casa de Benito Ju\u00e1rez, ubicada en la calle Manuel Guti\u00e9rrez Zamora esquina Gustavo I. Madero.<\/p>\n\n\n\n<p>&#8220;Porque para nosotros es emblem\u00e1tico la figura de Don Benito Ju\u00e1rez Garc\u00eda, Benem\u00e9rito de las Am\u00e9ricas y cuyas ideas debieran ser respetadas primeramente por el Ejecutivo Federal y las ha utilizado como bandera equivocada y distorsionando las ideas&#8221;, Magistrado, Antonio Soto Mart\u00ednez.<\/p>\n\n\n\n<p>Cabe mencionar que en &#8220;La Ma\u00f1anera&#8221; de este mi\u00e9rcoles, el propio presidente, Andr\u00e9s Manuel L\u00f3pez Obrador, asegur\u00f3 que el pr\u00f3ximo domingo 22 de septiembre estar\u00e1 en el puerto de Veracruz para inaugurar la casa donde viviera Benito Ju\u00e1rez, la cual tras remodelaciones del Instituto Nacional de Antropolog\u00eda e Historia (INAH) se convertir\u00e1 en museo y un atractivo tur\u00edstico nacional e internacional.<\/p>\n","protected":false},"excerpt":{"rendered":"<p>Alejandro \u00c1vila Veracruz, Ver.- El presidente Andr\u00e9s Manuel L\u00f3pez Obrador quien tanto se ha promulgado como admirador del ex presidente Benito Ju\u00e1rez, distorsiona sus ideas y lo utiliza con la bandera equivocada, asegur\u00f3 el Magistrado, Antonio Soto Mart\u00ednez. La ma\u00f1ana de este mi\u00e9rcoles integrantes del Poder Judicial de Veracruz se manifestaron a las afueras de [&hellip;]<\/p>\n","protected":false},"author":2476,"featured_media":58681,"comment_status":"open","ping_status":"open","sticky":false,"template":"","format":"standard","meta":{"_jetpack_memberships_contains_paid_content":false,"footnotes":""},"categories":[2],"tags":[],"class_list":["post-58680","post","type-post","status-publish","format-standard","has-post-thumbnail","hentry","category-estado"],"jetpack_featured_media_url":"https:\/\/encuentroinformativo.com.mx\/wp-content\/uploads\/2024\/09\/IMG-20240918-WA0042.jpg","jetpack_sharing_enabled":true,"jetpack_likes_enabled":true,"amp_enabled":true,"_links":{"self":[{"href":"https:\/\/encuentroinformativo.com.mx\/index.php?rest_route=\/wp\/v2\/posts\/58680","targetHints":{"allow":["GET"]}}],"collection":[{"href":"https:\/\/encuentroinformativo.com.mx\/index.php?rest_route=\/wp\/v2\/posts"}],"about":[{"href":"https:\/\/encuentroinformativo.com.mx\/index.php?rest_route=\/wp\/v2\/types\/post"}],"author":[{"embeddable":true,"href":"https:\/\/encuentroinformativo.com.mx\/index.php?rest_route=\/wp\/v2\/users\/2476"}],"replies":[{"embeddable":true,"href":"https:\/\/encuentroinformativo.com.mx\/index.php?rest_route=%2Fwp%2Fv2%2Fcomments&post=58680"}],"version-history":[{"count":1,"href":"https:\/\/encuentroinformativo.com.mx\/index.php?rest_route=\/wp\/v2\/posts\/58680\/revisions"}],"predecessor-version":[{"id":58682,"href":"https:\/\/encuentroinformativo.com.mx\/index.php?rest_route=\/wp\/v2\/posts\/58680\/revisions\/58682"}],"wp:featuredmedia":[{"embeddable":true,"href":"https:\/\/encuentroinformativo.com.mx\/index.php?rest_route=\/wp\/v2\/media\/58681"}],"wp:attachment":[{"href":"https:\/\/encuentroinformativo.com.mx\/index.php?rest_route=%2Fwp%2Fv2%2Fmedia&parent=58680"}],"wp:term":[{"taxonomy":"category","embeddable":true,"href":"https:\/\/encuentroinformativo.com.mx\/index.php?rest_route=%2Fwp%2Fv2%2Fcategories&post=58680"},{"taxonomy":"post_tag","embeddable":true,"href":"https:\/\/encuentroinformativo.com.mx\/index.php?rest_route=%2Fwp%2Fv2%2Ftags&post=58680"}],"curies":[{"name":"wp","href":"https:\/\/api.w.org\/{rel}","templated":true}]}}