{"id":58683,"date":"2024-09-18T12:31:10","date_gmt":"2024-09-18T18:31:10","guid":{"rendered":"https:\/\/encuentroinformativo.com.mx\/?p=58683"},"modified":"2024-09-18T12:31:15","modified_gmt":"2024-09-18T18:31:15","slug":"confirma-fernandez-norona-que-maym-ya-participa-en-reuniones-de-morena","status":"publish","type":"post","link":"https:\/\/encuentroinformativo.com.mx\/?p=58683","title":{"rendered":"Confirma Fern\u00e1ndez Noro\u00f1a que MAYM ya participa en reuniones de Morena"},"content":{"rendered":"\n<p><strong>Redacci\u00f3n<\/strong><\/p>\n\n\n\n<p>Veracruz, Ver.- El presidente de la Mesa Directiva del Senado de la Rep\u00fablica, Gerardo Fern\u00e1ndez Noro\u00f1a, confirm\u00f3 que el veracruzano, Miguel \u00c1ngel Yunes M\u00e1rquez, ya participa en las reuniones del Grupo Parlamentario de Morena.<\/p>\n\n\n\n<p>Si bien no ha definido su adhesi\u00f3n formal a Morena, fue el propio Ad\u00e1n Augusto L\u00f3pez Hern\u00e1ndez qui\u00e9n solicit\u00f3 que se integrara a las reuniones, pues se vislumbra que en las pr\u00f3ximas Reformas Constitucionales que tambi\u00e9n traer\u00e1n pol\u00e9mica, el veracruzano tendr\u00e1 nuevamente el voto decisivo.<\/p>\n\n\n\n<p>&#8220;El propietario es Yunes M\u00e1rquez y de hecho ha estado participando en el Grupo Parlamentario de Morena, en las reuniones, no ha decidido su participaci\u00f3n activa en el grupo, Ad\u00e1n Augusto ofreci\u00f3 su integraci\u00f3n y yo creo que va a estar ah\u00ed coordin\u00e1ndose con nosotros&#8221;, expres\u00f3 en entrevista radiof\u00f3nica con el periodista Luis C\u00e1rdenas de MVS, la ma\u00f1ana de este martes 17 de septiembre.<\/p>\n\n\n\n<p>Gerardo Fern\u00e1ndez Noro\u00f1a reconoci\u00f3 que Miguel \u00c1ngel Yunes M\u00e1rquez no pertenece a Morena ni ha solicitado ser miembro del partido; sin embargo, lo catalog\u00f3 como el voto 86 que les dar\u00e1 la mayor\u00eda calificada en las pr\u00f3ximas tres Reformas Constitucionales que entrar\u00e1n en discusi\u00f3n.<\/p>\n\n\n\n<p>&#8220;Son 17 Reformas las que se aprobaron en la comisi\u00f3n de Puntos Constitucionales de las 18 enviadas por el compa\u00f1ero presidente y una de ellas es la de la Guardia Nacional. En cu\u00e1les tiene diferencia la oposici\u00f3n, la Guardia Nacional, que el planteamiento es que administrativamente siga dependiendo de la Secretar\u00eda de la Defensa Nacional, por qu\u00e9 si no tendr\u00edas que crear toda la infraestructura de seguridad social y de derecho que tienen los que vienen de las fuerzas armadas que es buena parte de la Guardia Nacional, y la otra es la desaparici\u00f3n de los \u00f3rganos aut\u00f3nomos y lo de la soberan\u00eda en materia energ\u00e9tica. Estas son las tres que requieren de mayor\u00eda calificada y que la oposici\u00f3n no est\u00e1 de acuerdo, en todas las dem\u00e1s hay coincidencia, tenemos los dos tercios, efectivamente nosotros ya no vamos a batallar en la C\u00e1mara de Senadores que es donde se discute, nos faltaba un voto, que yo sostengo que con 85 es suficiente pero esa discusi\u00f3n es ociosa a estas alturas porque contamos con los 86 votos, yo creo que Marquez &#8211; Linares van a seguir apoy\u00e1ndonos en las posiciones del movimiento&#8221;, expres\u00f3<\/p>\n","protected":false},"excerpt":{"rendered":"<p>Redacci\u00f3n Veracruz, Ver.- El presidente de la Mesa Directiva del Senado de la Rep\u00fablica, Gerardo Fern\u00e1ndez Noro\u00f1a, confirm\u00f3 que el veracruzano, Miguel \u00c1ngel Yunes M\u00e1rquez, ya participa en las reuniones del Grupo Parlamentario de Morena. Si bien no ha definido su adhesi\u00f3n formal a Morena, fue el propio Ad\u00e1n Augusto L\u00f3pez Hern\u00e1ndez qui\u00e9n solicit\u00f3 que [&hellip;]<\/p>\n","protected":false},"author":2476,"featured_media":58684,"comment_status":"open","ping_status":"open","sticky":false,"template":"","format":"standard","meta":{"_jetpack_memberships_contains_paid_content":false,"footnotes":""},"categories":[12],"tags":[],"class_list":["post-58683","post","type-post","status-publish","format-standard","has-post-thumbnail","hentry","category-nacional"],"jetpack_featured_media_url":"https:\/\/encuentroinformativo.com.mx\/wp-content\/uploads\/2024\/09\/IMG-20240918-WA0043.jpg","jetpack_sharing_enabled":true,"jetpack_likes_enabled":true,"amp_enabled":true,"_links":{"self":[{"href":"https:\/\/encuentroinformativo.com.mx\/index.php?rest_route=\/wp\/v2\/posts\/58683","targetHints":{"allow":["GET"]}}],"collection":[{"href":"https:\/\/encuentroinformativo.com.mx\/index.php?rest_route=\/wp\/v2\/posts"}],"about":[{"href":"https:\/\/encuentroinformativo.com.mx\/index.php?rest_route=\/wp\/v2\/types\/post"}],"author":[{"embeddable":true,"href":"https:\/\/encuentroinformativo.com.mx\/index.php?rest_route=\/wp\/v2\/users\/2476"}],"replies":[{"embeddable":true,"href":"https:\/\/encuentroinformativo.com.mx\/index.php?rest_route=%2Fwp%2Fv2%2Fcomments&post=58683"}],"version-history":[{"count":1,"href":"https:\/\/encuentroinformativo.com.mx\/index.php?rest_route=\/wp\/v2\/posts\/58683\/revisions"}],"predecessor-version":[{"id":58685,"href":"https:\/\/encuentroinformativo.com.mx\/index.php?rest_route=\/wp\/v2\/posts\/58683\/revisions\/58685"}],"wp:featuredmedia":[{"embeddable":true,"href":"https:\/\/encuentroinformativo.com.mx\/index.php?rest_route=\/wp\/v2\/media\/58684"}],"wp:attachment":[{"href":"https:\/\/encuentroinformativo.com.mx\/index.php?rest_route=%2Fwp%2Fv2%2Fmedia&parent=58683"}],"wp:term":[{"taxonomy":"category","embeddable":true,"href":"https:\/\/encuentroinformativo.com.mx\/index.php?rest_route=%2Fwp%2Fv2%2Fcategories&post=58683"},{"taxonomy":"post_tag","embeddable":true,"href":"https:\/\/encuentroinformativo.com.mx\/index.php?rest_route=%2Fwp%2Fv2%2Ftags&post=58683"}],"curies":[{"name":"wp","href":"https:\/\/api.w.org\/{rel}","templated":true}]}}