{"id":58689,"date":"2024-09-18T13:28:45","date_gmt":"2024-09-18T19:28:45","guid":{"rendered":"https:\/\/encuentroinformativo.com.mx\/?p=58689"},"modified":"2024-09-18T13:28:50","modified_gmt":"2024-09-18T19:28:50","slug":"invitan-al-festival-mexico-lindo-y-querido-en-parque-juarez","status":"publish","type":"post","link":"https:\/\/encuentroinformativo.com.mx\/?p=58689","title":{"rendered":"Invitan al Festival M\u00e9xico Lindo y Querido en parque Ju\u00e1rez"},"content":{"rendered":"\n<p><strong>Dar\u00edo Pale <\/strong><\/p>\n\n\n\n<p>Xalapa, Ver.- Leonardo Ruiz Moreno presidente de la asociaci\u00f3n civil &#8220;Orgullo Xalapa&#8221; dio a conocer la realizaci\u00f3n del &#8220;Festival M\u00e9xico Lindo y Querido 2024&#8221;, el cual se llevar\u00e1 a cabo el pr\u00f3ximo 21 y 22 de septiembre en Xalapa.\u00a0<\/p>\n\n\n\n<p>En conferencia de prensa inform\u00f3 que, el evento tendr\u00e1 como sede la explanada central del Parque Ju\u00e1rez y reunir\u00e1 a m\u00e1s de 90 expositores, entre emprendedores y artesanos que con sus productos promocionan la cultura.\u00a0<\/p>\n\n\n\n<p>&#8220;Tendremos flores, artesan\u00edas, art\u00edculos elaborados en casa (&#8230;) va a ser variado y las mesas van a estar bien nutridas con los productos&#8221;, se\u00f1al\u00f3.<\/p>\n\n\n\n<p>La inauguraci\u00f3n del festival ser\u00e1 el s\u00e1bado 21 de septiembre a las 10:00 horas, y adem\u00e1s de poder adquirir diversos art\u00edculos los asistentes podr\u00e1n disfrutar del juego &#8216;100 Mexicanos Dijeron&#8217;, en horario de 17:00 a 19:00 horas.\u00a0<\/p>\n\n\n\n<p>Finalmente los organizadores invitaron al p\u00fablico en general para disfrutar del evento y promover las artesan\u00edas elaboradas en la regi\u00f3n.<\/p>\n","protected":false},"excerpt":{"rendered":"<p>Dar\u00edo Pale Xalapa, Ver.- Leonardo Ruiz Moreno presidente de la asociaci\u00f3n civil &#8220;Orgullo Xalapa&#8221; dio a conocer la realizaci\u00f3n del &#8220;Festival M\u00e9xico Lindo y Querido 2024&#8221;, el cual se llevar\u00e1 a cabo el pr\u00f3ximo 21 y 22 de septiembre en Xalapa.\u00a0 En conferencia de prensa inform\u00f3 que, el evento tendr\u00e1 como sede la explanada central [&hellip;]<\/p>\n","protected":false},"author":2476,"featured_media":58690,"comment_status":"open","ping_status":"open","sticky":false,"template":"","format":"standard","meta":{"_jetpack_memberships_contains_paid_content":false,"footnotes":""},"categories":[3],"tags":[],"class_list":["post-58689","post","type-post","status-publish","format-standard","has-post-thumbnail","hentry","category-xalapa"],"jetpack_featured_media_url":"https:\/\/encuentroinformativo.com.mx\/wp-content\/uploads\/2024\/09\/IMG-20240918-WA0041.jpg","jetpack_sharing_enabled":true,"jetpack_likes_enabled":true,"amp_enabled":true,"_links":{"self":[{"href":"https:\/\/encuentroinformativo.com.mx\/index.php?rest_route=\/wp\/v2\/posts\/58689","targetHints":{"allow":["GET"]}}],"collection":[{"href":"https:\/\/encuentroinformativo.com.mx\/index.php?rest_route=\/wp\/v2\/posts"}],"about":[{"href":"https:\/\/encuentroinformativo.com.mx\/index.php?rest_route=\/wp\/v2\/types\/post"}],"author":[{"embeddable":true,"href":"https:\/\/encuentroinformativo.com.mx\/index.php?rest_route=\/wp\/v2\/users\/2476"}],"replies":[{"embeddable":true,"href":"https:\/\/encuentroinformativo.com.mx\/index.php?rest_route=%2Fwp%2Fv2%2Fcomments&post=58689"}],"version-history":[{"count":1,"href":"https:\/\/encuentroinformativo.com.mx\/index.php?rest_route=\/wp\/v2\/posts\/58689\/revisions"}],"predecessor-version":[{"id":58691,"href":"https:\/\/encuentroinformativo.com.mx\/index.php?rest_route=\/wp\/v2\/posts\/58689\/revisions\/58691"}],"wp:featuredmedia":[{"embeddable":true,"href":"https:\/\/encuentroinformativo.com.mx\/index.php?rest_route=\/wp\/v2\/media\/58690"}],"wp:attachment":[{"href":"https:\/\/encuentroinformativo.com.mx\/index.php?rest_route=%2Fwp%2Fv2%2Fmedia&parent=58689"}],"wp:term":[{"taxonomy":"category","embeddable":true,"href":"https:\/\/encuentroinformativo.com.mx\/index.php?rest_route=%2Fwp%2Fv2%2Fcategories&post=58689"},{"taxonomy":"post_tag","embeddable":true,"href":"https:\/\/encuentroinformativo.com.mx\/index.php?rest_route=%2Fwp%2Fv2%2Ftags&post=58689"}],"curies":[{"name":"wp","href":"https:\/\/api.w.org\/{rel}","templated":true}]}}