{"id":58698,"date":"2024-09-18T17:21:12","date_gmt":"2024-09-18T23:21:12","guid":{"rendered":"https:\/\/encuentroinformativo.com.mx\/?p=58698"},"modified":"2024-09-18T17:21:18","modified_gmt":"2024-09-18T23:21:18","slug":"no-habra-cambios-en-relacion-con-la-familia-yunes-afirma-gobernador","status":"publish","type":"post","link":"https:\/\/encuentroinformativo.com.mx\/?p=58698","title":{"rendered":"No habr\u00e1 cambios en relaci\u00f3n con la familia Yunes, afirma Gobernador"},"content":{"rendered":"\n<p><strong>Dar\u00edo Pale <\/strong><\/p>\n\n\n\n<p>Xalapa, Ver.- Los Yunes no necesitaban negociar, el PAN y PJF les dieron fuero, por lo que no habr\u00e1 cambio en la relaci\u00f3n con ellos, as\u00ed lo dio a conocer el gobernador Cuitl\u00e1huac Garc\u00eda Jim\u00e9nez.<\/p>\n\n\n\n<p>En conferencia de prensa afirm\u00f3 que la familia Yunes ya no necesitaba negociar impunidad si ya ten\u00edan fuero, ello luego de pregunt\u00e1rsele si es verdad que a cambio de su voto a favor de la reforma judicial se le eliminar\u00edan las \u00f3rdenes de aprehensi\u00f3n y defini\u00f3 que no habr\u00e1 ning\u00fan cambio porque tienen convicciones muy diferentes.<\/p>\n\n\n\n<p>&#8220;No hay ning\u00fan cambio en eso, porque son convicciones diferentes las que tenemos. En el quehacer politico, en el comportamiento del servicio p\u00fablico, muy distintas las que tienen ellos o dicen tener y nosotros&#8221;, se\u00f1al\u00f3.<\/p>\n\n\n\n<p>Afirm\u00f3 que los ahora detractores de la familia Yunes fueron quienes los pusieron en las primeras posiciones de las diputaciones.<\/p>\n\n\n\n<p>Cuestion\u00f3 que le recrimina el l\u00edder nacional del PAN, Marko Cort\u00e9s a los Yunes si \u00e9l fue quien los puso en donde est\u00e1n.<\/p>\n\n\n\n<p>&#8220;Permitir esto en la senadur\u00eda que padre e hijo vayan en la misma f\u00f3rmula, en una posici\u00f3n c\u00f3moda, porque a\u00fan perdiendo, por mucho les garantizaba una posici\u00f3n en el Senado. \u00bfQui\u00e9nes armaron eso?, pues los dirigentes del PAN&#8221;, se\u00f1al\u00f3 y dijo que fue su partido el que les dio el fuero.<\/p>\n\n\n\n<p>En ese orden de ideas el mandatario veracruzano sostuvo que el PAN y el Poder Judicial de la Federaci\u00f3n fueron los que le dieron fuero a la familia.<\/p>\n\n\n\n<p>&#8220;No tienen mayor riesgo ya con eso, pues si te amparan y tienes el fuero, \u00bfcu\u00e1l negociar? La relaci\u00f3n y aqu\u00ed lo he dicho siempre: con todos los alcaldes he Sido as\u00ed, que tenemos diferencias s\u00ed, pero institucionalmente son los que representan al municipio&#8221;, subray\u00f3.<\/p>\n\n\n\n<p>Garc\u00eda Jim\u00e9nez confirm\u00f3 que de manera particular tiene diferencias con ambos senadores, sin embargo, se mantiene en su car\u00e1cter de gobernador y Jefe del Ejecutivo del Estado institucional, por lo que no se \u201crebajar\u00e1\u201d para denigrar a sus adversarios pol\u00edticos.<\/p>\n\n\n\n<p>\u201cNosotros tenemos diferencias muy marcadas con ellos, al menos un servidor y varios, hay diferencias y este que, en mi caso, siendo gobernador tengo la obligaci\u00f3n de ser institucional, yo no voy a rebajar la investidura que el pueblo me otorg\u00f3 para utiliza ma\u00f1osamente denigrando a los adversarios pol\u00edticos, no somos tiranos como dice Zedillo, los tenemos que soportar\u201d, se\u00f1al\u00f3.<\/p>\n\n\n\n<p>Finalmente sobre la entrada de los senadores Yunes a MORENA, aclar\u00f3 que no es su responsabilidad decidir qui\u00e9n entra al partido.<\/p>\n","protected":false},"excerpt":{"rendered":"<p>Dar\u00edo Pale Xalapa, Ver.- Los Yunes no necesitaban negociar, el PAN y PJF les dieron fuero, por lo que no habr\u00e1 cambio en la relaci\u00f3n con ellos, as\u00ed lo dio a conocer el gobernador Cuitl\u00e1huac Garc\u00eda Jim\u00e9nez. En conferencia de prensa afirm\u00f3 que la familia Yunes ya no necesitaba negociar impunidad si ya ten\u00edan fuero, [&hellip;]<\/p>\n","protected":false},"author":2476,"featured_media":58699,"comment_status":"open","ping_status":"open","sticky":false,"template":"","format":"standard","meta":{"_jetpack_memberships_contains_paid_content":false,"footnotes":""},"categories":[2],"tags":[],"class_list":["post-58698","post","type-post","status-publish","format-standard","has-post-thumbnail","hentry","category-estado"],"jetpack_featured_media_url":"https:\/\/encuentroinformativo.com.mx\/wp-content\/uploads\/2024\/09\/IMG-20240918-WA0100.jpg","jetpack_sharing_enabled":true,"jetpack_likes_enabled":true,"amp_enabled":true,"_links":{"self":[{"href":"https:\/\/encuentroinformativo.com.mx\/index.php?rest_route=\/wp\/v2\/posts\/58698","targetHints":{"allow":["GET"]}}],"collection":[{"href":"https:\/\/encuentroinformativo.com.mx\/index.php?rest_route=\/wp\/v2\/posts"}],"about":[{"href":"https:\/\/encuentroinformativo.com.mx\/index.php?rest_route=\/wp\/v2\/types\/post"}],"author":[{"embeddable":true,"href":"https:\/\/encuentroinformativo.com.mx\/index.php?rest_route=\/wp\/v2\/users\/2476"}],"replies":[{"embeddable":true,"href":"https:\/\/encuentroinformativo.com.mx\/index.php?rest_route=%2Fwp%2Fv2%2Fcomments&post=58698"}],"version-history":[{"count":1,"href":"https:\/\/encuentroinformativo.com.mx\/index.php?rest_route=\/wp\/v2\/posts\/58698\/revisions"}],"predecessor-version":[{"id":58700,"href":"https:\/\/encuentroinformativo.com.mx\/index.php?rest_route=\/wp\/v2\/posts\/58698\/revisions\/58700"}],"wp:featuredmedia":[{"embeddable":true,"href":"https:\/\/encuentroinformativo.com.mx\/index.php?rest_route=\/wp\/v2\/media\/58699"}],"wp:attachment":[{"href":"https:\/\/encuentroinformativo.com.mx\/index.php?rest_route=%2Fwp%2Fv2%2Fmedia&parent=58698"}],"wp:term":[{"taxonomy":"category","embeddable":true,"href":"https:\/\/encuentroinformativo.com.mx\/index.php?rest_route=%2Fwp%2Fv2%2Fcategories&post=58698"},{"taxonomy":"post_tag","embeddable":true,"href":"https:\/\/encuentroinformativo.com.mx\/index.php?rest_route=%2Fwp%2Fv2%2Ftags&post=58698"}],"curies":[{"name":"wp","href":"https:\/\/api.w.org\/{rel}","templated":true}]}}