{"id":58701,"date":"2024-09-18T17:26:43","date_gmt":"2024-09-18T23:26:43","guid":{"rendered":"https:\/\/encuentroinformativo.com.mx\/?p=58701"},"modified":"2024-09-18T17:26:48","modified_gmt":"2024-09-18T23:26:48","slug":"caso-de-maestro-asesinado-en-alamo-fue-aclarado-cuitlahuac-garcia","status":"publish","type":"post","link":"https:\/\/encuentroinformativo.com.mx\/?p=58701","title":{"rendered":"Caso de maestro asesinado en \u00c1lamo fue aclarado: Cuitl\u00e1huac Garc\u00eda"},"content":{"rendered":"\n<p><strong>Dar\u00edo Pale <\/strong><\/p>\n\n\n\n<p>Xalapa, Ver.- Las evidencias son claras, estudiantes asesinaron a profesor de \u00c1lamo, el caso qued\u00f3 totalmente resuelto asegur\u00f3 el gobernador Cuitl\u00e1huac Garc\u00eda Jim\u00e9nez.<\/p>\n\n\n\n<p>En conferencia de prensa afirm\u00f3 que hay evidencias muy claras y no queda duda de la responsabilidad de dos j\u00f3venes por el secuestro agravado cometido en contra del profesor de \u00c1lamo, Diego Yasmar Barrales, privado de su libertad el 6 de agosto y hallado su cuerpo sin vida tres d\u00edas despu\u00e9s.<\/p>\n\n\n\n<p>El Ejecutivo, expuso que la fiscal general Ver\u00f3nica Hern\u00e1ndez Giad\u00e1ns les comparti\u00f3 los argumentos mediante los cuales convencieron al Juez de que eran presuntos responsables, por lo que se les determin\u00f3 prisi\u00f3n preventiva justificada.<\/p>\n\n\n\n<p>Opin\u00f3 que el crimen del profesor es lamentable por d\u00f3nde se le quiera ver, reiter\u00f3 que la Fiscal\u00eda cuenta con muchas evidencias de que el estudiante de la Universidad Veracruzana, Juan Diego &#8220;N&#8221; y el menor de identidad reservada, estudiante de Telebachillerato fueron los responsables de este hartero cr\u00edmen.<\/p>\n\n\n\n<p>&#8220;Con las propias declaraciones de ellos y c\u00f3mo sucedi\u00f3, todo cuadraba de c\u00f3mo operaron la privaci\u00f3n ilegal de la libertad y luego la privaci\u00f3n de la vida y luego c\u00f3mo pidieron el dinero a la familia y c\u00f3mo se deshicieron del cuerpo&#8221;, manifest\u00f3.<\/p>\n\n\n\n<p>El Ejecutivo afirm\u00f3 entonces que el caso qued\u00f3 completamente resuelto y agradeci\u00f3 la colaboraci\u00f3n de la familia de Diego Yasmar Barrales.<\/p>\n\n\n\n<p>Por \u00faltimo reconoci\u00f3 que hay dos posturas, una la de la familia de los dos j\u00f3venes, ah\u00ed pregunt\u00f3 qui\u00e9n no defender\u00eda a sus hijos, pero qui\u00e9n no defender\u00eda a la v\u00edctima, que era un profesor.<\/p>\n","protected":false},"excerpt":{"rendered":"<p>Dar\u00edo Pale Xalapa, Ver.- Las evidencias son claras, estudiantes asesinaron a profesor de \u00c1lamo, el caso qued\u00f3 totalmente resuelto asegur\u00f3 el gobernador Cuitl\u00e1huac Garc\u00eda Jim\u00e9nez. En conferencia de prensa afirm\u00f3 que hay evidencias muy claras y no queda duda de la responsabilidad de dos j\u00f3venes por el secuestro agravado cometido en contra del profesor de [&hellip;]<\/p>\n","protected":false},"author":2476,"featured_media":45561,"comment_status":"open","ping_status":"open","sticky":false,"template":"","format":"standard","meta":{"_jetpack_memberships_contains_paid_content":false,"footnotes":""},"categories":[14],"tags":[],"class_list":["post-58701","post","type-post","status-publish","format-standard","has-post-thumbnail","hentry","category-policiaca"],"jetpack_featured_media_url":"https:\/\/encuentroinformativo.com.mx\/wp-content\/uploads\/2023\/09\/IMG-20230922-WA0024.jpg","jetpack_sharing_enabled":true,"jetpack_likes_enabled":true,"amp_enabled":true,"_links":{"self":[{"href":"https:\/\/encuentroinformativo.com.mx\/index.php?rest_route=\/wp\/v2\/posts\/58701","targetHints":{"allow":["GET"]}}],"collection":[{"href":"https:\/\/encuentroinformativo.com.mx\/index.php?rest_route=\/wp\/v2\/posts"}],"about":[{"href":"https:\/\/encuentroinformativo.com.mx\/index.php?rest_route=\/wp\/v2\/types\/post"}],"author":[{"embeddable":true,"href":"https:\/\/encuentroinformativo.com.mx\/index.php?rest_route=\/wp\/v2\/users\/2476"}],"replies":[{"embeddable":true,"href":"https:\/\/encuentroinformativo.com.mx\/index.php?rest_route=%2Fwp%2Fv2%2Fcomments&post=58701"}],"version-history":[{"count":1,"href":"https:\/\/encuentroinformativo.com.mx\/index.php?rest_route=\/wp\/v2\/posts\/58701\/revisions"}],"predecessor-version":[{"id":58702,"href":"https:\/\/encuentroinformativo.com.mx\/index.php?rest_route=\/wp\/v2\/posts\/58701\/revisions\/58702"}],"wp:featuredmedia":[{"embeddable":true,"href":"https:\/\/encuentroinformativo.com.mx\/index.php?rest_route=\/wp\/v2\/media\/45561"}],"wp:attachment":[{"href":"https:\/\/encuentroinformativo.com.mx\/index.php?rest_route=%2Fwp%2Fv2%2Fmedia&parent=58701"}],"wp:term":[{"taxonomy":"category","embeddable":true,"href":"https:\/\/encuentroinformativo.com.mx\/index.php?rest_route=%2Fwp%2Fv2%2Fcategories&post=58701"},{"taxonomy":"post_tag","embeddable":true,"href":"https:\/\/encuentroinformativo.com.mx\/index.php?rest_route=%2Fwp%2Fv2%2Ftags&post=58701"}],"curies":[{"name":"wp","href":"https:\/\/api.w.org\/{rel}","templated":true}]}}