{"id":58718,"date":"2024-09-19T09:48:23","date_gmt":"2024-09-19T15:48:23","guid":{"rendered":"https:\/\/encuentroinformativo.com.mx\/?p=58718"},"modified":"2024-09-19T09:48:29","modified_gmt":"2024-09-19T15:48:29","slug":"ya-hay-detenidos-por-homicidios-de-martinez-de-la-torre-fge","status":"publish","type":"post","link":"https:\/\/encuentroinformativo.com.mx\/?p=58718","title":{"rendered":"Ya hay detenidos por homicidios de Mart\u00ednez de la Torre: FGE"},"content":{"rendered":"\n<p><strong>Dar\u00edo Pale <\/strong><\/p>\n\n\n\n<p>Xalapa, Ver.- Confirma la Fiscal\u00eda que hubo un menor, entre las v\u00edctimas del ataque en Mart\u00ednez de la Torre y que ya hay detenidos.<\/p>\n\n\n\n<p>Entrevistada posterior a la conmemoraci\u00f3n del d\u00eda Nacional de la Protecci\u00f3n Civil, la Fiscal general del Estado, Ver\u00f3nica Hern\u00e1ndez Gi\u00e1dans, confirm\u00f3 que entre las victimas del ataque en el municipio de Mart\u00ednez de la Torre, se encuentra un menor de 15 a\u00f1os de edad.<\/p>\n\n\n\n<p>Inform\u00f3 que hay detenidos por estos hechos. &#8220;Esta abierta una carpeta de investigaci\u00f3n, estamos trabajando,\u00a0 al parecer hubo otras corporaciones que hicieron detenciones, se recibieron en Fiscal\u00eda,\u00a0 pero estamos validando\u00a0 su presunta participaci\u00f3n y entre las v\u00edctimas hay un menor de 15 a\u00f1os, desafortunadamente&#8221;, se\u00f1al\u00f3.<\/p>\n\n\n\n<p>Este mi\u00e9rcoles en el municipio de Mart\u00ednez de la Torre, se report\u00f3 el ataque a tres personas en un casa de la colonia Alfredo V. Bonfil. Fueron vecinos,\u00a0 quienes reportaron haber escuchado detonaciones de armas de fuego.<\/p>\n\n\n\n<p>Elementos de las distintas corporaciones policiacas y de auxilio se movilizaron al lugar donde encontraron a las tres personas muertas.<\/p>\n","protected":false},"excerpt":{"rendered":"<p>Dar\u00edo Pale Xalapa, Ver.- Confirma la Fiscal\u00eda que hubo un menor, entre las v\u00edctimas del ataque en Mart\u00ednez de la Torre y que ya hay detenidos. Entrevistada posterior a la conmemoraci\u00f3n del d\u00eda Nacional de la Protecci\u00f3n Civil, la Fiscal general del Estado, Ver\u00f3nica Hern\u00e1ndez Gi\u00e1dans, confirm\u00f3 que entre las victimas del ataque en el [&hellip;]<\/p>\n","protected":false},"author":2476,"featured_media":58719,"comment_status":"open","ping_status":"open","sticky":false,"template":"","format":"standard","meta":{"_jetpack_memberships_contains_paid_content":false,"footnotes":""},"categories":[2],"tags":[],"class_list":["post-58718","post","type-post","status-publish","format-standard","has-post-thumbnail","hentry","category-estado"],"jetpack_featured_media_url":"https:\/\/encuentroinformativo.com.mx\/wp-content\/uploads\/2024\/09\/IMG-20240919-WA0007-scaled.jpg","jetpack_sharing_enabled":true,"jetpack_likes_enabled":true,"amp_enabled":true,"_links":{"self":[{"href":"https:\/\/encuentroinformativo.com.mx\/index.php?rest_route=\/wp\/v2\/posts\/58718","targetHints":{"allow":["GET"]}}],"collection":[{"href":"https:\/\/encuentroinformativo.com.mx\/index.php?rest_route=\/wp\/v2\/posts"}],"about":[{"href":"https:\/\/encuentroinformativo.com.mx\/index.php?rest_route=\/wp\/v2\/types\/post"}],"author":[{"embeddable":true,"href":"https:\/\/encuentroinformativo.com.mx\/index.php?rest_route=\/wp\/v2\/users\/2476"}],"replies":[{"embeddable":true,"href":"https:\/\/encuentroinformativo.com.mx\/index.php?rest_route=%2Fwp%2Fv2%2Fcomments&post=58718"}],"version-history":[{"count":1,"href":"https:\/\/encuentroinformativo.com.mx\/index.php?rest_route=\/wp\/v2\/posts\/58718\/revisions"}],"predecessor-version":[{"id":58720,"href":"https:\/\/encuentroinformativo.com.mx\/index.php?rest_route=\/wp\/v2\/posts\/58718\/revisions\/58720"}],"wp:featuredmedia":[{"embeddable":true,"href":"https:\/\/encuentroinformativo.com.mx\/index.php?rest_route=\/wp\/v2\/media\/58719"}],"wp:attachment":[{"href":"https:\/\/encuentroinformativo.com.mx\/index.php?rest_route=%2Fwp%2Fv2%2Fmedia&parent=58718"}],"wp:term":[{"taxonomy":"category","embeddable":true,"href":"https:\/\/encuentroinformativo.com.mx\/index.php?rest_route=%2Fwp%2Fv2%2Fcategories&post=58718"},{"taxonomy":"post_tag","embeddable":true,"href":"https:\/\/encuentroinformativo.com.mx\/index.php?rest_route=%2Fwp%2Fv2%2Ftags&post=58718"}],"curies":[{"name":"wp","href":"https:\/\/api.w.org\/{rel}","templated":true}]}}