{"id":58724,"date":"2024-09-19T11:28:43","date_gmt":"2024-09-19T17:28:43","guid":{"rendered":"https:\/\/encuentroinformativo.com.mx\/?p=58724"},"modified":"2024-09-19T11:28:48","modified_gmt":"2024-09-19T17:28:48","slug":"sin-cambios-rawayana-y-manuel-medrano-si-se-presentaran-en-veracruz","status":"publish","type":"post","link":"https:\/\/encuentroinformativo.com.mx\/?p=58724","title":{"rendered":"Sin cambios, Rawayana y Manuel Medrano si se presentar\u00e1n en Veracruz"},"content":{"rendered":"\n<p><strong>Alejandro \u00c1vila<\/strong><\/p>\n\n\n\n<p>Veracruz, Ver.- Ante la oleada de conciertos que tendr\u00e1 la zona conurbada Veracruz &#8211; Boca del R\u00edo en las meses de septiembre y octubre, los directivos de RECA Producciones y MAS Conciertos ofrecieron una rueda de prensa para aclarar que ninguno de los dos eventos que ellos tienen programados ser\u00e1n cancelados o reprogramados.<\/p>\n\n\n\n<p>Primeramente se inform\u00f3 del concierto de la aclamada banda venezolana RAWAYANA que presenta su World Tour \u00bfQui\u00e9n trae las Cornetas?, este s\u00e1bado 21 de septiembre a las 20:00 horas en la Arena Veracruz.<\/p>\n\n\n\n<p>Alejandro y Alberto Reyes Cervera, de RECA Producciones y M\u00c1S Conciertos, expresaron su benepl\u00e1cito de que RAWAYANA se presente por primera ocasi\u00f3n en Veracruz por lo que vislumbran un gran \u00e9xito ya que la agrupaci\u00f3n se ha posicionado como una de las bandas m\u00e1s emocionantes y buscadas de Latinoam\u00e9rica, con \u00e9xitos mundiales, importantes colaboraciones musicales y llegan a Veracruz luego de una gira por 40 ciudades que incluye festivales como: Festival Cordillera, Corona Sunsets, y Festival WankaBeats.<\/p>\n\n\n\n<p>\u201cEl concierto est\u00e1 cien por ciento confirmado. Las puertas de la Arena Veracruz (localizada junto al complejo Leyes de Reforma y junto al estadio de b\u00e9isbol entrando por la calle Alaminos) se van abrir a las 7 de la noche y vamos a iniciar con la participaci\u00f3n de tres colectivos locales de DJs, para concluir el gran espect\u00e1culo de RAWAYANA\u201d.<\/p>\n\n\n\n<p>Asimismo se dio a conocer el concierto que ofrecer\u00e1 el colombiano MANUEL MEDRANO, por segunda ocasi\u00f3n, en el WTC, el s\u00e1bado 19 de octubre.<\/p>\n\n\n\n<p>Destacaron que MEDRANO se encuentra emocionado de pisar nuevamente tierras veracruzanas con este nuevo tour que incluye sus canciones cl\u00e1sicas \u201cAfuera del Planeta\u201d, \u201cBajo el agua\u201d, y \u201cQu\u00e9date\u201d, adem\u00e1s de las que ha lanzado recientemente.<\/p>\n\n\n\n<p>\u201cSe trata de un nuevo show con la mejor tecnolog\u00eda de luz y sonido que estamos seguros ser\u00e1 del agrado de los asistentes, del p\u00fablico y seguidores de Manuel Medrano\u201d, comentaron los hermanos Reyes Cervera.<\/p>\n\n\n\n<p>Recordemos que MANUEL MEDRANO ha tenido grandes colaboraciones musicales: \u201cLa Mujer Que Bota Fuego\u201d con la cantante espa\u00f1ola Natalia Jim\u00e9nez, emanada de la Quinta Estaci\u00f3n; as\u00ed como \u201cCielo\u201d con Nile Rodgers; \u201cEste Momento\u201d, con Camila; \u201cLa Flaca\u201d con Jarabe de Palo, entre otras.<\/p>\n\n\n\n<p>Los boletos de ambos para ambos conciertos est\u00e1n disponibles en la empresa boletera Arema o en el punto de venta en f\u00edsico, Morgan Tapori Bar Plaza Andamar de martes a domingo de 13:00 a 20:00 horas.<\/p>\n","protected":false},"excerpt":{"rendered":"<p>Alejandro \u00c1vila Veracruz, Ver.- Ante la oleada de conciertos que tendr\u00e1 la zona conurbada Veracruz &#8211; Boca del R\u00edo en las meses de septiembre y octubre, los directivos de RECA Producciones y MAS Conciertos ofrecieron una rueda de prensa para aclarar que ninguno de los dos eventos que ellos tienen programados ser\u00e1n cancelados o reprogramados. [&hellip;]<\/p>\n","protected":false},"author":2476,"featured_media":58725,"comment_status":"open","ping_status":"open","sticky":false,"template":"","format":"standard","meta":{"_jetpack_memberships_contains_paid_content":false,"footnotes":""},"categories":[2],"tags":[],"class_list":["post-58724","post","type-post","status-publish","format-standard","has-post-thumbnail","hentry","category-estado"],"jetpack_featured_media_url":"https:\/\/encuentroinformativo.com.mx\/wp-content\/uploads\/2024\/09\/IMG-20240919-WA0032.jpg","jetpack_sharing_enabled":true,"jetpack_likes_enabled":true,"amp_enabled":true,"_links":{"self":[{"href":"https:\/\/encuentroinformativo.com.mx\/index.php?rest_route=\/wp\/v2\/posts\/58724","targetHints":{"allow":["GET"]}}],"collection":[{"href":"https:\/\/encuentroinformativo.com.mx\/index.php?rest_route=\/wp\/v2\/posts"}],"about":[{"href":"https:\/\/encuentroinformativo.com.mx\/index.php?rest_route=\/wp\/v2\/types\/post"}],"author":[{"embeddable":true,"href":"https:\/\/encuentroinformativo.com.mx\/index.php?rest_route=\/wp\/v2\/users\/2476"}],"replies":[{"embeddable":true,"href":"https:\/\/encuentroinformativo.com.mx\/index.php?rest_route=%2Fwp%2Fv2%2Fcomments&post=58724"}],"version-history":[{"count":1,"href":"https:\/\/encuentroinformativo.com.mx\/index.php?rest_route=\/wp\/v2\/posts\/58724\/revisions"}],"predecessor-version":[{"id":58726,"href":"https:\/\/encuentroinformativo.com.mx\/index.php?rest_route=\/wp\/v2\/posts\/58724\/revisions\/58726"}],"wp:featuredmedia":[{"embeddable":true,"href":"https:\/\/encuentroinformativo.com.mx\/index.php?rest_route=\/wp\/v2\/media\/58725"}],"wp:attachment":[{"href":"https:\/\/encuentroinformativo.com.mx\/index.php?rest_route=%2Fwp%2Fv2%2Fmedia&parent=58724"}],"wp:term":[{"taxonomy":"category","embeddable":true,"href":"https:\/\/encuentroinformativo.com.mx\/index.php?rest_route=%2Fwp%2Fv2%2Fcategories&post=58724"},{"taxonomy":"post_tag","embeddable":true,"href":"https:\/\/encuentroinformativo.com.mx\/index.php?rest_route=%2Fwp%2Fv2%2Ftags&post=58724"}],"curies":[{"name":"wp","href":"https:\/\/api.w.org\/{rel}","templated":true}]}}