{"id":58731,"date":"2024-09-19T14:38:36","date_gmt":"2024-09-19T20:38:36","guid":{"rendered":"https:\/\/encuentroinformativo.com.mx\/?p=58731"},"modified":"2024-09-19T14:38:42","modified_gmt":"2024-09-19T20:38:42","slug":"veracruz-de-las-mejores-plazas-culturales-por-eso-regresa-el-lago-de-los-cisnes-del-ballet-ucraniano","status":"publish","type":"post","link":"https:\/\/encuentroinformativo.com.mx\/?p=58731","title":{"rendered":"Veracruz de las mejores plazas culturales por eso regresa el Lago de los Cisnes del ballet ucraniano"},"content":{"rendered":"\n<p><strong>Alejandro \u00c1vila<\/strong><\/p>\n\n\n\n<p>Veracruz, Ver.- La entidad veracruzana, en espec\u00edfico los municipios de Xalapa, Boca del R\u00edo y Veracruz, son excelentes plazas para eventos culturales asegur\u00f3, Jorge Alvarado, director de espect\u00e1culos y eventos.<\/p>\n\n\n\n<p>&#8220;Veracruz es una de las mejores plazas que hay, culturalmente hablando es gente que s\u00ed le gusta much\u00edsimo, como se los puedo demostrar con lo que pas\u00f3 el a\u00f1o pasado, una funci\u00f3n llena, ten\u00edamos una semana m\u00e1s de publicidad, ten\u00edamos ya pauta en radio, la tuvimos que cambiar a decir se abre una nueva funci\u00f3n y, quitamos el spot que ya estaba para una sola fecha y pusimos uno de una nueva fecha, una semana m\u00e1s y la gente volvi\u00f3 a responder&#8221;, expres\u00f3.<\/p>\n\n\n\n<p>El empresario ofreci\u00f3 rueda de prensa a la ma\u00f1ana de este jueves para informar que, el pr\u00f3ximo s\u00e1bado 16 de noviembre se presentar\u00e1 el ballet ucraniano con la puesta en escena del &#8220;Lago de los Cisnes&#8221; en el Foro Boca; mientras que el domingo 17 de noviembre lo har\u00e1, en dos funciones en el Teatro del Estado en la ciudad de Xalapa.<\/p>\n\n\n\n<p>Jorge Alvarado dijo que al momento han tenido buena venta de boletos, tanto que incluso se vislumbra hacer una segunda funci\u00f3n en Boca del R\u00edo, dejando en claro que los diversos eventos que habr\u00e1 en la ciudad durante el mes de noviembre no les afectar\u00e1n.<\/p>\n\n\n\n<p>&#8220;Es un evento y en muchas ciudades por el mes como es El Buen Fin hay muchas competencias con muchos espect\u00e1culos, pero qu\u00e9 espect\u00e1culos estamos viendo, estamos viendo eventos de corridos tumbados, estamos viendo banda, estamos viendo grupos de rock, creo que Luis Miguel tambi\u00e9n viene por esas fechas se va a presentar aqu\u00ed en Veracruz, pero este evento es completamente diferente, no es un evento infantil tampoco es un evento para gente adulta, es una evento como decimos para toda la familia que no tiene competencia con ninguno de los eventos que van a estar aqu\u00ed haciendo presentaciones en cada una de las ciudades&#8221;, culmin\u00f3.<\/p>\n","protected":false},"excerpt":{"rendered":"<p>Alejandro \u00c1vila Veracruz, Ver.- La entidad veracruzana, en espec\u00edfico los municipios de Xalapa, Boca del R\u00edo y Veracruz, son excelentes plazas para eventos culturales asegur\u00f3, Jorge Alvarado, director de espect\u00e1culos y eventos. &#8220;Veracruz es una de las mejores plazas que hay, culturalmente hablando es gente que s\u00ed le gusta much\u00edsimo, como se los puedo demostrar [&hellip;]<\/p>\n","protected":false},"author":2476,"featured_media":58732,"comment_status":"open","ping_status":"open","sticky":false,"template":"","format":"standard","meta":{"_jetpack_memberships_contains_paid_content":false,"footnotes":""},"categories":[2],"tags":[],"class_list":["post-58731","post","type-post","status-publish","format-standard","has-post-thumbnail","hentry","category-estado"],"jetpack_featured_media_url":"https:\/\/encuentroinformativo.com.mx\/wp-content\/uploads\/2024\/09\/IMG-20240919-WA01502.jpg","jetpack_sharing_enabled":true,"jetpack_likes_enabled":true,"amp_enabled":true,"_links":{"self":[{"href":"https:\/\/encuentroinformativo.com.mx\/index.php?rest_route=\/wp\/v2\/posts\/58731","targetHints":{"allow":["GET"]}}],"collection":[{"href":"https:\/\/encuentroinformativo.com.mx\/index.php?rest_route=\/wp\/v2\/posts"}],"about":[{"href":"https:\/\/encuentroinformativo.com.mx\/index.php?rest_route=\/wp\/v2\/types\/post"}],"author":[{"embeddable":true,"href":"https:\/\/encuentroinformativo.com.mx\/index.php?rest_route=\/wp\/v2\/users\/2476"}],"replies":[{"embeddable":true,"href":"https:\/\/encuentroinformativo.com.mx\/index.php?rest_route=%2Fwp%2Fv2%2Fcomments&post=58731"}],"version-history":[{"count":1,"href":"https:\/\/encuentroinformativo.com.mx\/index.php?rest_route=\/wp\/v2\/posts\/58731\/revisions"}],"predecessor-version":[{"id":58733,"href":"https:\/\/encuentroinformativo.com.mx\/index.php?rest_route=\/wp\/v2\/posts\/58731\/revisions\/58733"}],"wp:featuredmedia":[{"embeddable":true,"href":"https:\/\/encuentroinformativo.com.mx\/index.php?rest_route=\/wp\/v2\/media\/58732"}],"wp:attachment":[{"href":"https:\/\/encuentroinformativo.com.mx\/index.php?rest_route=%2Fwp%2Fv2%2Fmedia&parent=58731"}],"wp:term":[{"taxonomy":"category","embeddable":true,"href":"https:\/\/encuentroinformativo.com.mx\/index.php?rest_route=%2Fwp%2Fv2%2Fcategories&post=58731"},{"taxonomy":"post_tag","embeddable":true,"href":"https:\/\/encuentroinformativo.com.mx\/index.php?rest_route=%2Fwp%2Fv2%2Ftags&post=58731"}],"curies":[{"name":"wp","href":"https:\/\/api.w.org\/{rel}","templated":true}]}}