{"id":58734,"date":"2024-09-19T14:45:21","date_gmt":"2024-09-19T20:45:21","guid":{"rendered":"https:\/\/encuentroinformativo.com.mx\/?p=58734"},"modified":"2024-09-19T14:45:27","modified_gmt":"2024-09-19T20:45:27","slug":"buscan-a-jovenes-desaparecidos-en-coatzintla","status":"publish","type":"post","link":"https:\/\/encuentroinformativo.com.mx\/?p=58734","title":{"rendered":"Buscan a j\u00f3venes desaparecidos en Coatzintla"},"content":{"rendered":"\n<p><strong>Dar\u00edo Pale<\/strong><\/p>\n\n\n\n<p>Xalapa, Ver.- Buscan a j\u00f3venes desaparecidos desde el 15 de septiembre en Coatzintla, salieron de su domicilio hacia Poza Rica a comprar regalos y desde ese d\u00eda se perdi\u00f3 el contacto, as\u00ed lo dio a conocer la se\u00f1ora Claudia Sol\u00eds.<\/p>\n\n\n\n<p>En entrevista dijo que busca a su hija Claudia Esther Mart\u00ednez Sol\u00eds que junto con su pareja Uriel Hazael Bravo Garc\u00eda, est\u00e1n \u00a0desaparecidos desde el pasado 15 de septiembre.<\/p>\n\n\n\n<p>Explic\u00f3 que tienen 20 y 23 a\u00f1os respectivamente, salieron de su domicilio, ubicado en la calle Valladolid lote 5 Manzana 12 de la colonia Morelos de Coatzintla, alrededor de las 11:00, con destino a Poza Rica para comprar \u00a0regalos a bordo de un autom\u00f3vil Jetta.<\/p>\n\n\n\n<p>Por lo que al transcurrir una hora y no retornar a su domicilio, la madre de Claudia Esther le llam\u00f3 a su celular y al no recibir respuesta, le marc\u00f3 al celular de su novio Uriel Hazael, que tampoco le respondi\u00f3, lo que le preocup\u00f3 y acudi\u00f3 a la Fiscal\u00eda Regional a reportar su desaparici\u00f3n.<\/p>\n\n\n\n<p>La se\u00f1ora Claudia Sol\u00eds dio a conocer que su veh\u00edculo fue localizado en la colonia Santa Emilia de la ciudad de Poza Rica y es la fecha que ning\u00fan perito ha revisado la unidad para determinar si hubo o no violencia en el y ante el reclamo le indicaron que estaban esperando la orden de Xalapa para proceder.<\/p>\n\n\n\n<p>Es por este motivo que decidieron trasladarse a la capital veracruzana para solicitar al gobernador Cuitl\u00e1huac Garc\u00eda Jim\u00e9nez su intervenci\u00f3n para que se agilicen las investigaciones y den con el paradero de su hija y su novio.<\/p>\n\n\n\n<p>&#8220;Hemos acudido a las autoridades correspondientes para denunciar estos hechos como ciudadana responsable nos estamos yendo por la legalidad y reiter\u00f3 \u201cno venimos a ofender a nadie, solo queremos una audiencia y queremos que nos escuchen\u201d, coment\u00f3.<\/p>\n\n\n\n<p>Interpuso la denuncia ante la Fiscal\u00eda Regional y la Fiscal\u00eda Especializada para la Atenci\u00f3n de Denuncias por Personas Desaparecidas (FEADPD), integr\u00e1ndose la carpeta de investigaci\u00f3n PZR\/FIM\/FEADPD\/078\/2024.<br>Finalmente la se\u00f1ora Claudia Solis fue atendida \u00a0por personal de Pol\u00edtica Regional, para ser canalizados a la Fiscal\u00eda General del Estado (FGE).<\/p>\n","protected":false},"excerpt":{"rendered":"<p>Dar\u00edo Pale Xalapa, Ver.- Buscan a j\u00f3venes desaparecidos desde el 15 de septiembre en Coatzintla, salieron de su domicilio hacia Poza Rica a comprar regalos y desde ese d\u00eda se perdi\u00f3 el contacto, as\u00ed lo dio a conocer la se\u00f1ora Claudia Sol\u00eds. En entrevista dijo que busca a su hija Claudia Esther Mart\u00ednez Sol\u00eds que [&hellip;]<\/p>\n","protected":false},"author":2476,"featured_media":58735,"comment_status":"open","ping_status":"open","sticky":false,"template":"","format":"standard","meta":{"_jetpack_memberships_contains_paid_content":false,"footnotes":""},"categories":[2],"tags":[],"class_list":["post-58734","post","type-post","status-publish","format-standard","has-post-thumbnail","hentry","category-estado"],"jetpack_featured_media_url":"https:\/\/encuentroinformativo.com.mx\/wp-content\/uploads\/2024\/09\/IMG-20240919-WA0157.jpg","jetpack_sharing_enabled":true,"jetpack_likes_enabled":true,"amp_enabled":true,"_links":{"self":[{"href":"https:\/\/encuentroinformativo.com.mx\/index.php?rest_route=\/wp\/v2\/posts\/58734","targetHints":{"allow":["GET"]}}],"collection":[{"href":"https:\/\/encuentroinformativo.com.mx\/index.php?rest_route=\/wp\/v2\/posts"}],"about":[{"href":"https:\/\/encuentroinformativo.com.mx\/index.php?rest_route=\/wp\/v2\/types\/post"}],"author":[{"embeddable":true,"href":"https:\/\/encuentroinformativo.com.mx\/index.php?rest_route=\/wp\/v2\/users\/2476"}],"replies":[{"embeddable":true,"href":"https:\/\/encuentroinformativo.com.mx\/index.php?rest_route=%2Fwp%2Fv2%2Fcomments&post=58734"}],"version-history":[{"count":1,"href":"https:\/\/encuentroinformativo.com.mx\/index.php?rest_route=\/wp\/v2\/posts\/58734\/revisions"}],"predecessor-version":[{"id":58736,"href":"https:\/\/encuentroinformativo.com.mx\/index.php?rest_route=\/wp\/v2\/posts\/58734\/revisions\/58736"}],"wp:featuredmedia":[{"embeddable":true,"href":"https:\/\/encuentroinformativo.com.mx\/index.php?rest_route=\/wp\/v2\/media\/58735"}],"wp:attachment":[{"href":"https:\/\/encuentroinformativo.com.mx\/index.php?rest_route=%2Fwp%2Fv2%2Fmedia&parent=58734"}],"wp:term":[{"taxonomy":"category","embeddable":true,"href":"https:\/\/encuentroinformativo.com.mx\/index.php?rest_route=%2Fwp%2Fv2%2Fcategories&post=58734"},{"taxonomy":"post_tag","embeddable":true,"href":"https:\/\/encuentroinformativo.com.mx\/index.php?rest_route=%2Fwp%2Fv2%2Ftags&post=58734"}],"curies":[{"name":"wp","href":"https:\/\/api.w.org\/{rel}","templated":true}]}}