{"id":58737,"date":"2024-09-19T14:57:26","date_gmt":"2024-09-19T20:57:26","guid":{"rendered":"https:\/\/encuentroinformativo.com.mx\/?p=58737"},"modified":"2024-09-19T14:57:31","modified_gmt":"2024-09-19T20:57:31","slug":"vecinos-de-boca-del-rio-reclaman-a-cfe-servicio-de-luz-acusan-fallas","status":"publish","type":"post","link":"https:\/\/encuentroinformativo.com.mx\/?p=58737","title":{"rendered":"Vecinos de Boca del R\u00edo reclaman a CFE servicio de luz, acusan fallas"},"content":{"rendered":"\n<p><strong>Alejandro \u00c1vila<\/strong><\/p>\n\n\n\n<p>Boca del R\u00edo, Ver.- Vecinos de la colonia Ricardo Flores Mag\u00f3n del municipio de Boca del R\u00edo bloquearon la calle principal debido a que tienen cinco d\u00edas sin energ\u00eda el\u00e9ctrica.<\/p>\n\n\n\n<p>La se\u00f1ora Guadalupe relat\u00f3 que el personal de Comisi\u00f3n Federal de Electricidad (CFE) ha ido casi a diario a intentar reparar la falla; sin embargo, despu\u00e9s de unas horas se vuelven a quedar sin luz, por lo cual piden que les cambien el transformador para que abastezca mejor a las viviendas.<\/p>\n\n\n\n<p>Son cerca de 40 familias las afectadas, motivo por el cual este jueves por la ma\u00f1ana decidieron bloquear la calle principal, justo a la entrada del fraccionamiento La Tampiquera, donde tambi\u00e9n circula el autob\u00fas urbano V\u00eda Muerta, con la finalidad de que esto haga presi\u00f3n en las autoridades federales y les den pronta soluci\u00f3n a su problem\u00e1tica.<\/p>\n\n\n\n<p>Entre los afectados se encuentran personas de la tercera edad y ni\u00f1os, los cuales presentan problemas para realizar sus actividades diarias, adem\u00e1s de perder dinero pues sus alimentos se les echan a perder.<\/p>\n\n\n\n<figure class=\"wp-block-image size-large\"><img loading=\"lazy\" decoding=\"async\" width=\"1024\" height=\"768\" src=\"https:\/\/encuentroinformativo.com.mx\/wp-content\/uploads\/2024\/09\/1000389359-1024x768.jpg\" alt=\"\" class=\"wp-image-58739\" srcset=\"https:\/\/encuentroinformativo.com.mx\/wp-content\/uploads\/2024\/09\/1000389359-1024x768.jpg 1024w, https:\/\/encuentroinformativo.com.mx\/wp-content\/uploads\/2024\/09\/1000389359-300x225.jpg 300w, https:\/\/encuentroinformativo.com.mx\/wp-content\/uploads\/2024\/09\/1000389359-768x576.jpg 768w, https:\/\/encuentroinformativo.com.mx\/wp-content\/uploads\/2024\/09\/1000389359-1536x1152.jpg 1536w, https:\/\/encuentroinformativo.com.mx\/wp-content\/uploads\/2024\/09\/1000389359.jpg 1600w\" sizes=\"auto, (max-width: 1024px) 100vw, 1024px\" \/><\/figure>\n","protected":false},"excerpt":{"rendered":"<p>Alejandro \u00c1vila Boca del R\u00edo, Ver.- Vecinos de la colonia Ricardo Flores Mag\u00f3n del municipio de Boca del R\u00edo bloquearon la calle principal debido a que tienen cinco d\u00edas sin energ\u00eda el\u00e9ctrica. La se\u00f1ora Guadalupe relat\u00f3 que el personal de Comisi\u00f3n Federal de Electricidad (CFE) ha ido casi a diario a intentar reparar la falla; [&hellip;]<\/p>\n","protected":false},"author":2476,"featured_media":58738,"comment_status":"open","ping_status":"open","sticky":false,"template":"","format":"standard","meta":{"_jetpack_memberships_contains_paid_content":false,"footnotes":""},"categories":[2],"tags":[],"class_list":["post-58737","post","type-post","status-publish","format-standard","has-post-thumbnail","hentry","category-estado"],"jetpack_featured_media_url":"https:\/\/encuentroinformativo.com.mx\/wp-content\/uploads\/2024\/09\/IMG-20240919-WA0151.jpg","jetpack_sharing_enabled":true,"jetpack_likes_enabled":true,"amp_enabled":true,"_links":{"self":[{"href":"https:\/\/encuentroinformativo.com.mx\/index.php?rest_route=\/wp\/v2\/posts\/58737","targetHints":{"allow":["GET"]}}],"collection":[{"href":"https:\/\/encuentroinformativo.com.mx\/index.php?rest_route=\/wp\/v2\/posts"}],"about":[{"href":"https:\/\/encuentroinformativo.com.mx\/index.php?rest_route=\/wp\/v2\/types\/post"}],"author":[{"embeddable":true,"href":"https:\/\/encuentroinformativo.com.mx\/index.php?rest_route=\/wp\/v2\/users\/2476"}],"replies":[{"embeddable":true,"href":"https:\/\/encuentroinformativo.com.mx\/index.php?rest_route=%2Fwp%2Fv2%2Fcomments&post=58737"}],"version-history":[{"count":1,"href":"https:\/\/encuentroinformativo.com.mx\/index.php?rest_route=\/wp\/v2\/posts\/58737\/revisions"}],"predecessor-version":[{"id":58740,"href":"https:\/\/encuentroinformativo.com.mx\/index.php?rest_route=\/wp\/v2\/posts\/58737\/revisions\/58740"}],"wp:featuredmedia":[{"embeddable":true,"href":"https:\/\/encuentroinformativo.com.mx\/index.php?rest_route=\/wp\/v2\/media\/58738"}],"wp:attachment":[{"href":"https:\/\/encuentroinformativo.com.mx\/index.php?rest_route=%2Fwp%2Fv2%2Fmedia&parent=58737"}],"wp:term":[{"taxonomy":"category","embeddable":true,"href":"https:\/\/encuentroinformativo.com.mx\/index.php?rest_route=%2Fwp%2Fv2%2Fcategories&post=58737"},{"taxonomy":"post_tag","embeddable":true,"href":"https:\/\/encuentroinformativo.com.mx\/index.php?rest_route=%2Fwp%2Fv2%2Ftags&post=58737"}],"curies":[{"name":"wp","href":"https:\/\/api.w.org\/{rel}","templated":true}]}}