{"id":5874,"date":"2020-09-15T15:35:32","date_gmt":"2020-09-15T20:35:32","guid":{"rendered":"https:\/\/encuentroinformativo.com.mx\/?p=5874"},"modified":"2020-09-15T15:35:35","modified_gmt":"2020-09-15T20:35:35","slug":"solicita-ssp-ordenes-de-aprehension-contra-agresores-de-policias","status":"publish","type":"post","link":"https:\/\/encuentroinformativo.com.mx\/?p=5874","title":{"rendered":"Solicita SSP \u00f3rdenes de aprehensi\u00f3n contra agresores de polic\u00edas"},"content":{"rendered":"\n<p><strong>Juan Arcos <\/strong><\/p>\n\n\n\n<p>Xalapa, Ver.- El titular de la Secretar\u00eda de Seguridad P\u00fablica (SSP) en Veracruz, Hugo Guti\u00e9rrez Maldonado, revel\u00f3 que fueron solicitadas tres \u00f3rdenes de aprehensi\u00f3n contra pobladores de Palo Gacho, municipio de Emiliano Zapata, por la agresi\u00f3n f\u00edsica a elementos de la Fuerza Civil, el pasado s\u00e1bado 12 de septiembre.<\/p>\n\n\n\n<p>El funcionario estatal indic\u00f3 que uno de los polic\u00edas agredidos present\u00f3 una denuncia en la Fiscal\u00eda General del Estado (FGE) por las lesiones que sufri\u00f3 por parte de los habitantes de la mencionada localidad.<\/p>\n\n\n\n<p>Record\u00f3 que, hasta el momento, hay una persona detenida y la FGE es la encargada de realizar las investigaciones correspondientes.<\/p>\n\n\n\n<p>\u201cEstamos tratando de aportar datos a la carpeta de investigaci\u00f3n para que un juez de control nos obsequie tres \u00f3rdenes de aprehensi\u00f3n contra los agresores de la polic\u00eda\u201d.<\/p>\n\n\n\n<p>Guti\u00e9rrez Maldonado asegur\u00f3 que Asuntos Internos de la Secretar\u00eda de Seguridad P\u00fablica investiga el actuar de los elementos de la Fuerza Civil, a quienes los pobladores se\u00f1alan de cobrar piso al encargado de un dep\u00f3sito de cerveza.<\/p>\n\n\n\n<p>En redes sociales circula un video donde se observa a algunos pobladores que golpean a un oficial de la mencionada corporaci\u00f3n, sujetos que defend\u00edan al comerciante, tras la presunta extorsi\u00f3n policial.<\/p>\n\n\n\n<p>Los habitantes de Palo Gacho acusaron a los uniformados de agredir a la gente y detonar sus armas hacia el suelo para dispersar a quienes exig\u00edan la liberaci\u00f3n de Jos\u00e9 Luis Contreras Mart\u00ednez, de 57 a\u00f1os.<\/p>\n\n\n\n<p>Al respecto, el Secretario de Seguridad P\u00fablica asegur\u00f3 que los elementos de la Fuerza Civil siempre actuaron respetando los derechos humanos de los ciudadanos y dentro del marco legal.<\/p>\n\n\n\n<p>Adem\u00e1s, sentenci\u00f3 que si la gente insiste en violentar derechos de terceros y se conduce fuera de la ley, la SSP actuar\u00e1 para ponerla a disposici\u00f3n de las autoridades competentes.<\/p>\n\n\n\n<p>Y es que integrantes del Frente Nacional de Autodefensas del estado de Veracruz se sumaron a la protesta de los habitantes, para respaldar la demanda ciudadana.<\/p>\n\n\n\n<p>\u201cNosotros no estamos acostumbrados a doblar las manos, entonces s\u00ed invitar a la ciudadan\u00eda que hoy es d\u00eda de fiesta y que no deje que se lo echen a perder personas o l\u00edderes que solamente lo que quieren es su inter\u00e9s personal\u201d, expres\u00f3 el funcionario.<\/p>\n\n\n\n<p>De las cuatro de la tarde a las nueve y media de la noche del lunes, los pobladores bloquearon la carretera sin cuota hacia el Puerto de Veracruz, a la altura de Palo Gacho. Tambi\u00e9n cerraron la autopista federal Xalapa-Veracruz, cerca de la caseta de Plan del R\u00edo, para exigir la liberaci\u00f3n del comerciante de cerveza.<\/p>\n\n\n\n<p>La ma\u00f1ana de este martes, reanudaron las protestas y el cierre de la v\u00eda de comunicaci\u00f3n en Palo Gacho, donde permanecer\u00edan hasta que Jos\u00e9 Luis sea puesto en libertad.<\/p>\n","protected":false},"excerpt":{"rendered":"<p>Juan Arcos Xalapa, Ver.- El titular de la Secretar\u00eda de Seguridad P\u00fablica (SSP) en Veracruz, Hugo Guti\u00e9rrez Maldonado, revel\u00f3 que fueron solicitadas tres \u00f3rdenes de aprehensi\u00f3n contra pobladores de Palo Gacho, municipio de Emiliano Zapata, por la agresi\u00f3n f\u00edsica a elementos de la Fuerza Civil, el pasado s\u00e1bado 12 de septiembre. El funcionario estatal indic\u00f3 [&hellip;]<\/p>\n","protected":false},"author":1,"featured_media":5875,"comment_status":"open","ping_status":"open","sticky":false,"template":"","format":"aside","meta":{"_jetpack_memberships_contains_paid_content":false,"footnotes":""},"categories":[2],"tags":[],"class_list":["post-5874","post","type-post","status-publish","format-aside","has-post-thumbnail","hentry","category-estado","post_format-post-format-aside"],"jetpack_featured_media_url":"https:\/\/encuentroinformativo.com.mx\/wp-content\/uploads\/2020\/09\/80176CF4-2667-4A7B-8207-95AF11548B2C.jpeg","jetpack_sharing_enabled":true,"jetpack_likes_enabled":true,"amp_enabled":true,"_links":{"self":[{"href":"https:\/\/encuentroinformativo.com.mx\/index.php?rest_route=\/wp\/v2\/posts\/5874","targetHints":{"allow":["GET"]}}],"collection":[{"href":"https:\/\/encuentroinformativo.com.mx\/index.php?rest_route=\/wp\/v2\/posts"}],"about":[{"href":"https:\/\/encuentroinformativo.com.mx\/index.php?rest_route=\/wp\/v2\/types\/post"}],"author":[{"embeddable":true,"href":"https:\/\/encuentroinformativo.com.mx\/index.php?rest_route=\/wp\/v2\/users\/1"}],"replies":[{"embeddable":true,"href":"https:\/\/encuentroinformativo.com.mx\/index.php?rest_route=%2Fwp%2Fv2%2Fcomments&post=5874"}],"version-history":[{"count":1,"href":"https:\/\/encuentroinformativo.com.mx\/index.php?rest_route=\/wp\/v2\/posts\/5874\/revisions"}],"predecessor-version":[{"id":5876,"href":"https:\/\/encuentroinformativo.com.mx\/index.php?rest_route=\/wp\/v2\/posts\/5874\/revisions\/5876"}],"wp:featuredmedia":[{"embeddable":true,"href":"https:\/\/encuentroinformativo.com.mx\/index.php?rest_route=\/wp\/v2\/media\/5875"}],"wp:attachment":[{"href":"https:\/\/encuentroinformativo.com.mx\/index.php?rest_route=%2Fwp%2Fv2%2Fmedia&parent=5874"}],"wp:term":[{"taxonomy":"category","embeddable":true,"href":"https:\/\/encuentroinformativo.com.mx\/index.php?rest_route=%2Fwp%2Fv2%2Fcategories&post=5874"},{"taxonomy":"post_tag","embeddable":true,"href":"https:\/\/encuentroinformativo.com.mx\/index.php?rest_route=%2Fwp%2Fv2%2Ftags&post=5874"}],"curies":[{"name":"wp","href":"https:\/\/api.w.org\/{rel}","templated":true}]}}