{"id":58745,"date":"2024-09-19T15:11:07","date_gmt":"2024-09-19T21:11:07","guid":{"rendered":"https:\/\/encuentroinformativo.com.mx\/?p=58745"},"modified":"2024-09-19T15:16:07","modified_gmt":"2024-09-19T21:16:07","slug":"hay-detenidos-por-homicidio-de-martinez-de-la-torre-gobernador","status":"publish","type":"post","link":"https:\/\/encuentroinformativo.com.mx\/?p=58745","title":{"rendered":"Hay detenidos por homicidio de Mart\u00ednez de la Torre: Gobernador"},"content":{"rendered":"\n<p><strong>Dar\u00edo Pale <\/strong><\/p>\n\n\n\n<p>Xalapa, Ver.- Cr\u00edmenes de Mart\u00ednez de la Torre por narcomenudeo, ya hay dos detenidos, en Rafael Delgado agredieron a elementos de la SSP, no pas\u00f3 a mayores, as\u00ed &nbsp;lo dio a conocer el gobernador Cuitl\u00e1huac Garc\u00eda Jim\u00e9nez,&nbsp;<\/p>\n\n\n\n<p>En conferencia de prensa dio a conocer que los hechos registrados en el municipio de Mart\u00ednez de la Torre, este mi\u00e9rcoles, es por una disputa entre bandas que se dedican al narcomenudeo.<\/p>\n\n\n\n<p>Dio a conocer que hay dos personas detenidas que se pondr\u00e1n a disposici\u00f3n de las autoridades jurisdiccionales, y confirm\u00f3 el fallecimiento de tres personas, entre ellos un menor de 15 a\u00f1os de edad.<\/p>\n\n\n\n<p>Revel\u00f3 que la l\u00ednea de investigaci\u00f3n permiti\u00f3 establecer qui\u00e9nes son los presuntos responsables.<\/p>\n\n\n\n<p>&#8220;Se trat\u00f3 de un pleito entre narcomenudistas. El lugar de los hechos era un lugar de consumo de cristal y una de las personas involucradas es un narcomenudista que entr\u00f3 en disputa con otros narcomenudistas y esa fue la raz\u00f3n&#8221;, se\u00f1al\u00f3.<\/p>\n\n\n\n<p>&#8220;Hay dos detenciones, la Fiscal\u00eda va a valorar el grado de participaci\u00f3n de est\u00e1s dos personas detenidas una vez que sean puestas a disposici\u00f3n en los t\u00e9rminos legales que corresponde&#8221;, agreg\u00f3.<\/p>\n\n\n\n<p>Por otra parte, indic\u00f3 que en el municipio de Rafael Delgado fueron agredidos elementos de la Polic\u00eda Estatal por arma de fuego.<\/p>\n\n\n\n<p>Aunque sostuvo que los hechos &#8220;no pasaron a mayores&#8221;, pero los responsables se dieron a la fuga.<\/p>\n\n\n\n<p><strong>Caso l\u00edder CTM <\/strong><\/p>\n\n\n\n<p>En otro tema Garc\u00eda Jim\u00e9nez asegur\u00f3 que hay avances en el ataque al delegado sindical de la CTM en Coatzacoalcos Jorge Alfredo Smith Torres, pero no revel\u00f3 detalles.<\/p>\n\n\n\n<p>Precis\u00f3 que ser\u00e1 la Fiscal\u00eda general del estado la que informe sobre el atentado, &#8220;dejemos que la Fiscal\u00eda general del estado concluya&#8221;.<\/p>\n\n\n\n<p>Cabe recordar que este pasado mi\u00e9rcoles, Smith Torres fue \u00a0atacado a tiros cuando sal\u00eda de una tienda de conveniencia en la Avenida Universidad de la colonia Emiliano Zapata en la ciudad de Coatzacoalcos.<\/p>\n\n\n\n<p>El mandatario estatal dijo que hay avances &#8220;ya ver\u00e1n ustedes despu\u00e9s. Es importante que la Fiscal\u00eda concluya&#8221;.<\/p>\n\n\n\n<p>En ese sentido, se neg\u00f3 a abundar sobre la linea de investigaci\u00f3n y la situaci\u00f3n del delegado sindical para cuidar el debido proceso.<\/p>\n\n\n\n<p>&#8220;El proceso se cuida mucho. Yo aqu\u00ed he insistido mucho y les he informado a ustedes la importancia de cuidar los procesos \u00a0en las detenciones, \u00a0en la presentaci\u00f3n ante el juez por parte de la Fiscal\u00eda, \u00a0en las \u00f3rdenes de aprehensi\u00f3n que se logran ante un juez, porque recuerden que la orden de \u00a0aprehensi\u00f3n \u00a0las emite un juez, \u00a0que le llaman juez de control&#8221;, se\u00f1al\u00f3.<\/p>\n\n\n\n<p>Finalmente coment\u00f3 que, &#8220;esas acciones de la procuraci\u00f3n de Justicia se cuidan para evitar que estos jueces <em>amparistas<\/em>, as\u00ed los voy a llamar, \u00a0que sueltan amparos a diestra y siniestra a delincuentes no tengan argumentos ninguno para este proceder tan cuestionable porque luego quieren regresar la bolita diciendo no es que no se hizo bien el procedimiento&#8221;.<\/p>\n","protected":false},"excerpt":{"rendered":"<p>Dar\u00edo Pale Xalapa, Ver.- Cr\u00edmenes de Mart\u00ednez de la Torre por narcomenudeo, ya hay dos detenidos, en Rafael Delgado agredieron a elementos de la SSP, no pas\u00f3 a mayores, as\u00ed &nbsp;lo dio a conocer el gobernador Cuitl\u00e1huac Garc\u00eda Jim\u00e9nez,&nbsp; En conferencia de prensa dio a conocer que los hechos registrados en el municipio de Mart\u00ednez [&hellip;]<\/p>\n","protected":false},"author":2476,"featured_media":58746,"comment_status":"open","ping_status":"open","sticky":false,"template":"","format":"standard","meta":{"_jetpack_memberships_contains_paid_content":false,"footnotes":""},"categories":[2],"tags":[],"class_list":["post-58745","post","type-post","status-publish","format-standard","has-post-thumbnail","hentry","category-estado"],"jetpack_featured_media_url":"https:\/\/encuentroinformativo.com.mx\/wp-content\/uploads\/2024\/09\/IMG-20240919-WA00342.jpg","jetpack_sharing_enabled":true,"jetpack_likes_enabled":true,"amp_enabled":true,"_links":{"self":[{"href":"https:\/\/encuentroinformativo.com.mx\/index.php?rest_route=\/wp\/v2\/posts\/58745","targetHints":{"allow":["GET"]}}],"collection":[{"href":"https:\/\/encuentroinformativo.com.mx\/index.php?rest_route=\/wp\/v2\/posts"}],"about":[{"href":"https:\/\/encuentroinformativo.com.mx\/index.php?rest_route=\/wp\/v2\/types\/post"}],"author":[{"embeddable":true,"href":"https:\/\/encuentroinformativo.com.mx\/index.php?rest_route=\/wp\/v2\/users\/2476"}],"replies":[{"embeddable":true,"href":"https:\/\/encuentroinformativo.com.mx\/index.php?rest_route=%2Fwp%2Fv2%2Fcomments&post=58745"}],"version-history":[{"count":2,"href":"https:\/\/encuentroinformativo.com.mx\/index.php?rest_route=\/wp\/v2\/posts\/58745\/revisions"}],"predecessor-version":[{"id":58749,"href":"https:\/\/encuentroinformativo.com.mx\/index.php?rest_route=\/wp\/v2\/posts\/58745\/revisions\/58749"}],"wp:featuredmedia":[{"embeddable":true,"href":"https:\/\/encuentroinformativo.com.mx\/index.php?rest_route=\/wp\/v2\/media\/58746"}],"wp:attachment":[{"href":"https:\/\/encuentroinformativo.com.mx\/index.php?rest_route=%2Fwp%2Fv2%2Fmedia&parent=58745"}],"wp:term":[{"taxonomy":"category","embeddable":true,"href":"https:\/\/encuentroinformativo.com.mx\/index.php?rest_route=%2Fwp%2Fv2%2Fcategories&post=58745"},{"taxonomy":"post_tag","embeddable":true,"href":"https:\/\/encuentroinformativo.com.mx\/index.php?rest_route=%2Fwp%2Fv2%2Ftags&post=58745"}],"curies":[{"name":"wp","href":"https:\/\/api.w.org\/{rel}","templated":true}]}}