{"id":58768,"date":"2024-09-20T12:33:00","date_gmt":"2024-09-20T18:33:00","guid":{"rendered":"https:\/\/encuentroinformativo.com.mx\/?p=58768"},"modified":"2024-09-20T12:33:05","modified_gmt":"2024-09-20T18:33:05","slug":"entrega-ricardo-ahued-unidad-medica-movil-al-dif-municipal","status":"publish","type":"post","link":"https:\/\/encuentroinformativo.com.mx\/?p=58768","title":{"rendered":"Entrega Ricardo Ahued Unidad M\u00e9dica M\u00f3vil al DIF Municipal"},"content":{"rendered":"\n<p><strong>* Permitir\u00e1 ofrecer atenci\u00f3n odontol\u00f3gica y de medicina general en colonias de la periferia.<\/strong><\/p>\n\n\n\n<p>Xalapa, Ver.- Para fortalecer el programa asistencial del Sistema DIF Xalapa y ofrecer servicios m\u00e9dicos y odontol\u00f3gicos en colonias de la periferia, el presidente municipal Ricardo Ahued Bardahuil entreg\u00f3 y puso en funcionamiento este viernes la primera Unidad M\u00e9dica M\u00f3vil del organismo.<\/p>\n\n\n\n<p>Acompa\u00f1ado por el alcalde suplente, Alberto Islas Reyes, el Edil destac\u00f3 que con el apoyo de los integrantes del Cabildo se logr\u00f3 realizar una inversi\u00f3n de 2 millones 143 mil pesos para adquirir esta unidad equipada y brindar atenci\u00f3n m\u00e9dica en las colonias, las unidades habitacionales y las congregaciones.<\/p>\n\n\n\n<p>Detall\u00f3 que hay personas adultas mayores que no se pueden trasladar a una consulta preventiva en alguna instituci\u00f3n de salud, situaci\u00f3n que se resolver\u00e1 con esta unidad, que har\u00e1 recorridos en diversas zonas del municipio para atender la demanda de la sociedad.<\/p>\n\n\n\n<p>El director del DIF Municipal, Alejandro Rey del Angel Aguilar, explic\u00f3 que la Unidad M\u00f3vil cuenta con un consultorio m\u00e9dico y un consultorio dental equipados para llegar a los lugares m\u00e1s alejados de la ciudad y ofrecer servicios de primer contacto, as\u00ed como consultas de evaluaci\u00f3n y medicina general.<\/p>\n\n\n\n<p>Esto permitir\u00e1 la detecci\u00f3n de problemas metab\u00f3licos, de hipertensi\u00f3n y enfermedades que afectan a la mujer como el c\u00e1ncer de mama y cervicouterino, adem\u00e1s de la detecci\u00f3n r\u00e1pida del VIH, entre otros.<\/p>\n\n\n\n<p>Tambi\u00e9n facilitar\u00e1 la realizaci\u00f3n de curaciones, limpiezas, profilaxis, la elaboraci\u00f3n de diagn\u00f3sticos y procedimientos b\u00e1sicos como extracciones, independientemente de que fortalecer\u00e1 los servicios de asistencia m\u00e9dica del DIF que, a la fecha, ha brindado 26 mil atenciones en salud.<\/p>\n\n\n\n<p>El funcionario expuso que en colaboraci\u00f3n con otras instituciones, se han entregado medicamentos correspondientes a 22 mil recetas. Asimismo, se han otorgado 2 mil 500 apoyos funcionales a personas con alg\u00fan tipo de discapacidad.<\/p>\n\n\n\n<p>Agreg\u00f3 que como parte del Programa de Atenci\u00f3n a Personas que Viven con P\u00e1rkinson, semanalmente se da terapias a 35 pacientes, adem\u00e1s de que el DIF Xalapa es uno de los dos sistemas en el nivel nacional con la capacidad de brindar cuidados paliativos ambulatorios.<\/p>\n\n\n\n<p>Tras la entrega de la Unidad M\u00f3vil, personal del organismo asistencial llev\u00f3 a cabo una Jornada de Salud gratuita en el parque Benito Ju\u00e1rez, misma que se desarroll\u00f3 de las 10:00 a las 14:00 horas.<\/p>\n\n\n\n<p>Asistieron al acto protocolario las y los regidores Helen Sarmiento Ja\u00e9n, Carlos Ortega Murgu\u00eda, Martha Valentina Dom\u00ednguez V\u00e1squez, Mar\u00eda Guadalupe M\u00e1rquez Leonardo, Carlos Rugerio Mart\u00ednez, Mart\u00edn Victoriano Espinoza Rold\u00e1n y Daniel Fern\u00e1ndez Carri\u00f3n; el diputado local electo, Antonio Ballesteros Grayeb, as\u00ed como funcionariado municipal.<\/p>\n\n\n\n<figure class=\"wp-block-image size-large\"><img loading=\"lazy\" decoding=\"async\" width=\"1024\" height=\"702\" src=\"https:\/\/encuentroinformativo.com.mx\/wp-content\/uploads\/2024\/09\/1000389983-1024x702.jpg\" alt=\"\" class=\"wp-image-58770\" srcset=\"https:\/\/encuentroinformativo.com.mx\/wp-content\/uploads\/2024\/09\/1000389983-1024x702.jpg 1024w, https:\/\/encuentroinformativo.com.mx\/wp-content\/uploads\/2024\/09\/1000389983-300x206.jpg 300w, https:\/\/encuentroinformativo.com.mx\/wp-content\/uploads\/2024\/09\/1000389983-768x526.jpg 768w, https:\/\/encuentroinformativo.com.mx\/wp-content\/uploads\/2024\/09\/1000389983-1536x1052.jpg 1536w, https:\/\/encuentroinformativo.com.mx\/wp-content\/uploads\/2024\/09\/1000389983-2048x1403.jpg 2048w\" sizes=\"auto, (max-width: 1024px) 100vw, 1024px\" \/><\/figure>\n","protected":false},"excerpt":{"rendered":"<p>* Permitir\u00e1 ofrecer atenci\u00f3n odontol\u00f3gica y de medicina general en colonias de la periferia. Xalapa, Ver.- Para fortalecer el programa asistencial del Sistema DIF Xalapa y ofrecer servicios m\u00e9dicos y odontol\u00f3gicos en colonias de la periferia, el presidente municipal Ricardo Ahued Bardahuil entreg\u00f3 y puso en funcionamiento este viernes la primera Unidad M\u00e9dica M\u00f3vil del [&hellip;]<\/p>\n","protected":false},"author":2476,"featured_media":58769,"comment_status":"open","ping_status":"open","sticky":false,"template":"","format":"standard","meta":{"_jetpack_memberships_contains_paid_content":false,"footnotes":""},"categories":[9],"tags":[],"class_list":["post-58768","post","type-post","status-publish","format-standard","has-post-thumbnail","hentry","category-salud"],"jetpack_featured_media_url":"https:\/\/encuentroinformativo.com.mx\/wp-content\/uploads\/2024\/09\/IMG-20240920-WA0026-scaled.jpg","jetpack_sharing_enabled":true,"jetpack_likes_enabled":true,"amp_enabled":true,"_links":{"self":[{"href":"https:\/\/encuentroinformativo.com.mx\/index.php?rest_route=\/wp\/v2\/posts\/58768","targetHints":{"allow":["GET"]}}],"collection":[{"href":"https:\/\/encuentroinformativo.com.mx\/index.php?rest_route=\/wp\/v2\/posts"}],"about":[{"href":"https:\/\/encuentroinformativo.com.mx\/index.php?rest_route=\/wp\/v2\/types\/post"}],"author":[{"embeddable":true,"href":"https:\/\/encuentroinformativo.com.mx\/index.php?rest_route=\/wp\/v2\/users\/2476"}],"replies":[{"embeddable":true,"href":"https:\/\/encuentroinformativo.com.mx\/index.php?rest_route=%2Fwp%2Fv2%2Fcomments&post=58768"}],"version-history":[{"count":1,"href":"https:\/\/encuentroinformativo.com.mx\/index.php?rest_route=\/wp\/v2\/posts\/58768\/revisions"}],"predecessor-version":[{"id":58771,"href":"https:\/\/encuentroinformativo.com.mx\/index.php?rest_route=\/wp\/v2\/posts\/58768\/revisions\/58771"}],"wp:featuredmedia":[{"embeddable":true,"href":"https:\/\/encuentroinformativo.com.mx\/index.php?rest_route=\/wp\/v2\/media\/58769"}],"wp:attachment":[{"href":"https:\/\/encuentroinformativo.com.mx\/index.php?rest_route=%2Fwp%2Fv2%2Fmedia&parent=58768"}],"wp:term":[{"taxonomy":"category","embeddable":true,"href":"https:\/\/encuentroinformativo.com.mx\/index.php?rest_route=%2Fwp%2Fv2%2Fcategories&post=58768"},{"taxonomy":"post_tag","embeddable":true,"href":"https:\/\/encuentroinformativo.com.mx\/index.php?rest_route=%2Fwp%2Fv2%2Ftags&post=58768"}],"curies":[{"name":"wp","href":"https:\/\/api.w.org\/{rel}","templated":true}]}}