{"id":5877,"date":"2020-09-15T19:19:34","date_gmt":"2020-09-16T00:19:34","guid":{"rendered":"https:\/\/encuentroinformativo.com.mx\/?p=5877"},"modified":"2020-09-15T19:19:37","modified_gmt":"2020-09-16T00:19:37","slug":"en-una-semana-alcanza-coatepec-220-casos-de-covid","status":"publish","type":"post","link":"https:\/\/encuentroinformativo.com.mx\/?p=5877","title":{"rendered":"En una semana, alcanza Coatepec 220 casos de Covid"},"content":{"rendered":"\n<p><strong>Juan Arcos <\/strong><\/p>\n\n\n\n<p>Coatepec, Ver.- El municipio de Coatepec alcanz\u00f3 los 220 casos positivos de SARS-COV-2 (COVID-19) esta semana, de los cuales nueve son activos y representan un riesgo de contagio.<\/p>\n\n\n\n<p>Las autoridades sanitarias tambi\u00e9n tienen reporte de 41 fallecimientos y 19 casos en investigaci\u00f3n.<\/p>\n\n\n\n<p>Pese a lo anterior, el presidente municipal Luis Enrique Fern\u00e1ndez Peredo ha realizado eventos en los \u00faltimos d\u00edas, que han generado aglomeraciones.<\/p>\n\n\n\n<p>El Pueblo M\u00e1gico se encuentra en sem\u00e1foro epidemiol\u00f3gico color naranja, de riesgo alto de contagio.<\/p>\n\n\n\n<p>La Secretar\u00eda de Salud de Veracruz ha recomendando evitar las actividades que pudieran concentrar un gran de n\u00famero de personas.<\/p>\n\n\n\n<p>La ma\u00f1ana de este martes, el edil panista inaugur\u00f3 la calle Ribera de Cuauht\u00e9moc en la cabecera municipal, evento que concentr\u00f3 a m\u00e1s de 30 personas.<\/p>\n\n\n\n<p>Posteriormente, Fern\u00e1ndez Peredo encabez\u00f3 la entrega de patrullas a la Polic\u00eda Municipal, adquiridas con los recursos federales del Programa de Fortalecimiento para la Seguridad (FORTASEG).<\/p>\n\n\n\n<p>Se concentr\u00f3, junto con otros funcionarios, afuera del Palacio Municipal, frente al parque Miguel Hidalgo, donde ya es m\u00e1s constante la llegada de turistas durante los fines de semana.<\/p>\n","protected":false},"excerpt":{"rendered":"<p>Juan Arcos Coatepec, Ver.- El municipio de Coatepec alcanz\u00f3 los 220 casos positivos de SARS-COV-2 (COVID-19) esta semana, de los cuales nueve son activos y representan un riesgo de contagio. Las autoridades sanitarias tambi\u00e9n tienen reporte de 41 fallecimientos y 19 casos en investigaci\u00f3n. Pese a lo anterior, el presidente municipal Luis Enrique Fern\u00e1ndez Peredo [&hellip;]<\/p>\n","protected":false},"author":1,"featured_media":5878,"comment_status":"open","ping_status":"open","sticky":false,"template":"","format":"aside","meta":{"_jetpack_memberships_contains_paid_content":false,"footnotes":""},"categories":[9],"tags":[],"class_list":["post-5877","post","type-post","status-publish","format-aside","has-post-thumbnail","hentry","category-salud","post_format-post-format-aside"],"jetpack_featured_media_url":"https:\/\/encuentroinformativo.com.mx\/wp-content\/uploads\/2020\/09\/7AAF6A07-5DA2-4409-A1FB-F3D7D7B704DA.jpeg","jetpack_sharing_enabled":true,"jetpack_likes_enabled":true,"amp_enabled":true,"_links":{"self":[{"href":"https:\/\/encuentroinformativo.com.mx\/index.php?rest_route=\/wp\/v2\/posts\/5877","targetHints":{"allow":["GET"]}}],"collection":[{"href":"https:\/\/encuentroinformativo.com.mx\/index.php?rest_route=\/wp\/v2\/posts"}],"about":[{"href":"https:\/\/encuentroinformativo.com.mx\/index.php?rest_route=\/wp\/v2\/types\/post"}],"author":[{"embeddable":true,"href":"https:\/\/encuentroinformativo.com.mx\/index.php?rest_route=\/wp\/v2\/users\/1"}],"replies":[{"embeddable":true,"href":"https:\/\/encuentroinformativo.com.mx\/index.php?rest_route=%2Fwp%2Fv2%2Fcomments&post=5877"}],"version-history":[{"count":1,"href":"https:\/\/encuentroinformativo.com.mx\/index.php?rest_route=\/wp\/v2\/posts\/5877\/revisions"}],"predecessor-version":[{"id":5879,"href":"https:\/\/encuentroinformativo.com.mx\/index.php?rest_route=\/wp\/v2\/posts\/5877\/revisions\/5879"}],"wp:featuredmedia":[{"embeddable":true,"href":"https:\/\/encuentroinformativo.com.mx\/index.php?rest_route=\/wp\/v2\/media\/5878"}],"wp:attachment":[{"href":"https:\/\/encuentroinformativo.com.mx\/index.php?rest_route=%2Fwp%2Fv2%2Fmedia&parent=5877"}],"wp:term":[{"taxonomy":"category","embeddable":true,"href":"https:\/\/encuentroinformativo.com.mx\/index.php?rest_route=%2Fwp%2Fv2%2Fcategories&post=5877"},{"taxonomy":"post_tag","embeddable":true,"href":"https:\/\/encuentroinformativo.com.mx\/index.php?rest_route=%2Fwp%2Fv2%2Ftags&post=5877"}],"curies":[{"name":"wp","href":"https:\/\/api.w.org\/{rel}","templated":true}]}}