{"id":58772,"date":"2024-09-20T13:20:28","date_gmt":"2024-09-20T19:20:28","guid":{"rendered":"https:\/\/encuentroinformativo.com.mx\/?p=58772"},"modified":"2024-09-20T13:20:33","modified_gmt":"2024-09-20T19:20:33","slug":"acusan-que-fiscalia-perdio-carpetas-por-denuncias-de-invasion-de-predios","status":"publish","type":"post","link":"https:\/\/encuentroinformativo.com.mx\/?p=58772","title":{"rendered":"Acusan que Fiscal\u00eda perdi\u00f3 carpetas por denuncias de invasi\u00f3n de predios"},"content":{"rendered":"\n<p><strong>Dar\u00edo Pale <\/strong><\/p>\n\n\n\n<p>Xalapa, Ver.- La se\u00f1ora Miriam Yolanda S\u00e1nchez, dio a conocer que debido a la dilaci\u00f3n en la investigaci\u00f3n por la invasi\u00f3n de m\u00e1s de 56 lotes en la reserva territorial de Xalapa, los propietarios protestaron este d\u00eda en la Fiscal\u00eda General del Estado (FGE).<\/p>\n\n\n\n<p>Entrevistada durante la manifestaci\u00f3n se\u00f1al\u00f3 que, en el 2016 presentaron tres denuncias por la invasi\u00f3n de los lotes, pero no ha habido avances y ahora resulta que de las tres carpetas de investigaci\u00f3n que hab\u00eda, s\u00f3lo hay dos.<\/p>\n\n\n\n<p>Explic\u00f3 que una agrupaci\u00f3n invadi\u00f3 los 56 lotes, lo cual ha generado algunos enfrentamientos.<\/p>\n\n\n\n<p>Adem\u00e1s, denunci\u00f3 que existe el rumor de que dicha organizaci\u00f3n habr\u00eda sobornado a los anteriores fiscales encargados de la investigaci\u00f3n para que no avanzara las investigaciones y, para que se perdiera una de las carpetas.<\/p>\n\n\n\n<p>Finalmente coment\u00f3 que, &#8220;entonces ahorita exigimos que sea lo m\u00e1s pronto posible la respuesta y que se le d\u00e9 seguimiento&#8221;.<\/p>\n","protected":false},"excerpt":{"rendered":"<p>Dar\u00edo Pale Xalapa, Ver.- La se\u00f1ora Miriam Yolanda S\u00e1nchez, dio a conocer que debido a la dilaci\u00f3n en la investigaci\u00f3n por la invasi\u00f3n de m\u00e1s de 56 lotes en la reserva territorial de Xalapa, los propietarios protestaron este d\u00eda en la Fiscal\u00eda General del Estado (FGE). Entrevistada durante la manifestaci\u00f3n se\u00f1al\u00f3 que, en el 2016 [&hellip;]<\/p>\n","protected":false},"author":2476,"featured_media":58773,"comment_status":"open","ping_status":"open","sticky":false,"template":"","format":"standard","meta":{"_jetpack_memberships_contains_paid_content":false,"footnotes":""},"categories":[3],"tags":[],"class_list":["post-58772","post","type-post","status-publish","format-standard","has-post-thumbnail","hentry","category-xalapa"],"jetpack_featured_media_url":"https:\/\/encuentroinformativo.com.mx\/wp-content\/uploads\/2024\/09\/IMG-20240920-WA0057.jpg","jetpack_sharing_enabled":true,"jetpack_likes_enabled":true,"amp_enabled":true,"_links":{"self":[{"href":"https:\/\/encuentroinformativo.com.mx\/index.php?rest_route=\/wp\/v2\/posts\/58772","targetHints":{"allow":["GET"]}}],"collection":[{"href":"https:\/\/encuentroinformativo.com.mx\/index.php?rest_route=\/wp\/v2\/posts"}],"about":[{"href":"https:\/\/encuentroinformativo.com.mx\/index.php?rest_route=\/wp\/v2\/types\/post"}],"author":[{"embeddable":true,"href":"https:\/\/encuentroinformativo.com.mx\/index.php?rest_route=\/wp\/v2\/users\/2476"}],"replies":[{"embeddable":true,"href":"https:\/\/encuentroinformativo.com.mx\/index.php?rest_route=%2Fwp%2Fv2%2Fcomments&post=58772"}],"version-history":[{"count":1,"href":"https:\/\/encuentroinformativo.com.mx\/index.php?rest_route=\/wp\/v2\/posts\/58772\/revisions"}],"predecessor-version":[{"id":58774,"href":"https:\/\/encuentroinformativo.com.mx\/index.php?rest_route=\/wp\/v2\/posts\/58772\/revisions\/58774"}],"wp:featuredmedia":[{"embeddable":true,"href":"https:\/\/encuentroinformativo.com.mx\/index.php?rest_route=\/wp\/v2\/media\/58773"}],"wp:attachment":[{"href":"https:\/\/encuentroinformativo.com.mx\/index.php?rest_route=%2Fwp%2Fv2%2Fmedia&parent=58772"}],"wp:term":[{"taxonomy":"category","embeddable":true,"href":"https:\/\/encuentroinformativo.com.mx\/index.php?rest_route=%2Fwp%2Fv2%2Fcategories&post=58772"},{"taxonomy":"post_tag","embeddable":true,"href":"https:\/\/encuentroinformativo.com.mx\/index.php?rest_route=%2Fwp%2Fv2%2Ftags&post=58772"}],"curies":[{"name":"wp","href":"https:\/\/api.w.org\/{rel}","templated":true}]}}