{"id":58778,"date":"2024-09-20T14:34:18","date_gmt":"2024-09-20T20:34:18","guid":{"rendered":"https:\/\/encuentroinformativo.com.mx\/?p=58778"},"modified":"2024-09-20T14:34:23","modified_gmt":"2024-09-20T20:34:23","slug":"registran-casos-de-ansiedad-y-depresion-en-edades-tempranas-senala-sipinna","status":"publish","type":"post","link":"https:\/\/encuentroinformativo.com.mx\/?p=58778","title":{"rendered":"Registran casos de ansiedad y depresi\u00f3n en edades tempranas, se\u00f1ala SIPINNA"},"content":{"rendered":"\n<p><strong>Dar\u00edo Pale<\/strong><\/p>\n\n\n\n<p>Xalapa, Ver.- La secretaria ejecutiva del SIPINNA Xalapa, Mercy Esther P\u00e9rez Ar\u00e9valo, dio a conocer que la salud mental de la ni\u00f1ez y adolescentes en detrimento; hay casos de ansiedad desde los 6 a\u00f1os.<\/p>\n\n\n\n<p>En entrevista dio a conocer que en 80 escuelas de la ciudad se han realizado diagn\u00f3sticos respecto a la salud mental de la ni\u00f1ez y adolescentes.<\/p>\n\n\n\n<p>Con base en lo anterior se identifican cuadros de ansiedad y depresi\u00f3n desde edades muy tempranas ya que, derivado de la pandemia, dijo, la salud mental de la ni\u00f1ez y adolescentes ha mostrado deterioro.<\/p>\n\n\n\n<p>\u201cHemos visto que disminuye la edad en la que, incluso, los pensamientos suicidas ocurren (\u2026); por ello hemos reforzado el \u00e1rea de atenci\u00f3n psicol\u00f3gica y en esta vinculaci\u00f3n con las escuelas hemos logrado detecci\u00f3n temprana de alg\u00fan s\u00edntoma que pueda indicarnos que el ni\u00f1o est\u00e1 sufriendo depresi\u00f3n, que ya est\u00e1 teniendo ansiedad\u201d, se\u00f1al\u00f3.<\/p>\n\n\n\n<p>Tras la comprobaci\u00f3n del diagn\u00f3stico, explic\u00f3, contin\u00faa el proceso de canalizaci\u00f3n ante las instituciones de salud mental correspondientes al Estado, sin embargo, enfatiz\u00f3 que durante el tratamiento es fundamental el respaldo de la familia.<\/p>\n\n\n\n<p>\u201cPorque no es suficiente el trabajo que como instituci\u00f3n se pueda hacer; ese ni\u00f1o o ni\u00f1a depende de su mam\u00e1 y su pap\u00e1, de su entorno familiar\u201d, coment\u00f3.<\/p>\n\n\n\n<p>Asimismo, coment\u00f3 que a mayor nivel de violencia familiar o ante alguna posibilidad del consumo de alguna sustancia t\u00f3xica se elevan los niveles de ansiedad y de depresi\u00f3n.<\/p>\n\n\n\n<p>\u201cHay ni\u00f1os muy peque\u00f1os en estas circunstancias, donde los pensamientos suicidas desde luego que, por desgracia, pueden aparecer. Nos ha sorprendi\u00f3 que, dentro de las atenciones psicol\u00f3gicas en la Secretar\u00eda Ejecutiva, con problemas de ansiedad tenemos ni\u00f1os desde los 6 a\u00f1os, de depresi\u00f3n est\u00e1n empezando como a los 8 a\u00f1os, es decir, tenemos las complicaciones m\u00e1s fuerzas desde antes de la adolescencia\u201d, inform\u00f3.<\/p>\n\n\n\n<p>Asimismo, P\u00e9rez Ar\u00e9valo, sostuvo que en los tiempos actuales es necesario desistir del pensamiento de que la salud mental de la ni\u00f1ez es \u00f3ptima.<\/p>\n\n\n\n<p>Por \u00faltimo dio a conocer que, \u201ccreo que es importante redoblar los esfuerzos en conjunto y en las familias quitar ese estigma que existe de la salud mental y de que los ni\u00f1os est\u00e1n bien\u201d.<\/p>\n","protected":false},"excerpt":{"rendered":"<p>Dar\u00edo Pale Xalapa, Ver.- La secretaria ejecutiva del SIPINNA Xalapa, Mercy Esther P\u00e9rez Ar\u00e9valo, dio a conocer que la salud mental de la ni\u00f1ez y adolescentes en detrimento; hay casos de ansiedad desde los 6 a\u00f1os. En entrevista dio a conocer que en 80 escuelas de la ciudad se han realizado diagn\u00f3sticos respecto a la [&hellip;]<\/p>\n","protected":false},"author":2476,"featured_media":58779,"comment_status":"open","ping_status":"open","sticky":false,"template":"","format":"standard","meta":{"_jetpack_memberships_contains_paid_content":false,"footnotes":""},"categories":[9],"tags":[],"class_list":["post-58778","post","type-post","status-publish","format-standard","has-post-thumbnail","hentry","category-salud"],"jetpack_featured_media_url":"https:\/\/encuentroinformativo.com.mx\/wp-content\/uploads\/2024\/09\/IMG-20240920-WA0067.jpg","jetpack_sharing_enabled":true,"jetpack_likes_enabled":true,"amp_enabled":true,"_links":{"self":[{"href":"https:\/\/encuentroinformativo.com.mx\/index.php?rest_route=\/wp\/v2\/posts\/58778","targetHints":{"allow":["GET"]}}],"collection":[{"href":"https:\/\/encuentroinformativo.com.mx\/index.php?rest_route=\/wp\/v2\/posts"}],"about":[{"href":"https:\/\/encuentroinformativo.com.mx\/index.php?rest_route=\/wp\/v2\/types\/post"}],"author":[{"embeddable":true,"href":"https:\/\/encuentroinformativo.com.mx\/index.php?rest_route=\/wp\/v2\/users\/2476"}],"replies":[{"embeddable":true,"href":"https:\/\/encuentroinformativo.com.mx\/index.php?rest_route=%2Fwp%2Fv2%2Fcomments&post=58778"}],"version-history":[{"count":1,"href":"https:\/\/encuentroinformativo.com.mx\/index.php?rest_route=\/wp\/v2\/posts\/58778\/revisions"}],"predecessor-version":[{"id":58780,"href":"https:\/\/encuentroinformativo.com.mx\/index.php?rest_route=\/wp\/v2\/posts\/58778\/revisions\/58780"}],"wp:featuredmedia":[{"embeddable":true,"href":"https:\/\/encuentroinformativo.com.mx\/index.php?rest_route=\/wp\/v2\/media\/58779"}],"wp:attachment":[{"href":"https:\/\/encuentroinformativo.com.mx\/index.php?rest_route=%2Fwp%2Fv2%2Fmedia&parent=58778"}],"wp:term":[{"taxonomy":"category","embeddable":true,"href":"https:\/\/encuentroinformativo.com.mx\/index.php?rest_route=%2Fwp%2Fv2%2Fcategories&post=58778"},{"taxonomy":"post_tag","embeddable":true,"href":"https:\/\/encuentroinformativo.com.mx\/index.php?rest_route=%2Fwp%2Fv2%2Ftags&post=58778"}],"curies":[{"name":"wp","href":"https:\/\/api.w.org\/{rel}","templated":true}]}}